{"id":2325,"date":"2025-06-17T01:05:33","date_gmt":"2025-06-17T01:05:33","guid":{"rendered":"https:\/\/radioiep.com\/?p=2325"},"modified":"2025-06-17T01:05:33","modified_gmt":"2025-06-17T01:05:33","slug":"nagrelha-o-que-se-dizer","status":"publish","type":"post","link":"https:\/\/radioiep.com\/site\/nagrelha-o-que-se-dizer\/","title":{"rendered":"Nagrelha, o que se dizer?"},"content":{"rendered":"<p><strong>15 dias depois do enterro do m\u00fasico Nagrelha, o que se dizer?<\/strong><\/p>\n<p>H\u00e1 duas semanas os angolanos assistiram ao enterro daquele que \u00e9 provavelmente o Kudurista com mais f\u00e3s no pa\u00eds. Nagrelha terminava os shows quando quisesse. Convidado a um espect\u00e1culo musical, era dos \u00faltimos a cantar para n\u00e3o se correr o risco de o concerto acabar mais cedo.<\/p>\n<p>Para o enterro do Nagrelha foram necess\u00e1rios agentes da pol\u00edcia, num universo de mais de 800 policiais para a cobertura do cortejo f\u00fanebre, para al\u00e9m de toda \u201cm\u00e1quina\u201d ligada \u00e0 imprensa, com coberturas em tempo real nas duas principais de TVs angolana (TPA e TV Zimbo). N\u00e3o bastou, a pol\u00edcia, face a o tumulto instalado pela popula\u00e7\u00e3o que se dirigia ao cemit\u00e9rio da Santa Ana, sito numa das vias principais da capital de Luanda, teve que dispersar a popula\u00e7\u00e3o com g\u00e1s lacrimog\u00e9neo. Um jovem morreu, mais de 30 pessoas ficaram feridas, e a pol\u00edcia realizou mais de 10 deten\u00e7\u00f5es.<\/p>\n<p>N\u00e3o \u00e9 \u00e0toa que passou a ser conhecido como \u00abEstado Maior\u00bb, era realmente o cantor de \u201cmultid\u00f5es\u201d. Os grandes sucessos musicais do cantor se encontram espalhados nas plataformas digitais, dentre os quais se destacam o \u00abComboio\u00bb, \u00abQuatro\u00bb e \u00abProvou e Gostou\u00bb.<\/p>\n<p>Nagrelha conduzia o grupo \u00abLambas\u00bb, um grupo de Kuduro que nasceu no Sambizanga. Gelson Caio Manuel Mendes morreu no dia 18 de, na cidade de Luanda, aos 36 anos v\u00edtima de cancro no pulm\u00e3o.<\/p>\n<p>Por: <strong>David Naheda<\/strong> &#8211;<\/p>\n<p><strong>Fonte: <\/strong>foto imagem ilustrativa \/ internet pagina site\u00a0 memeiros.<\/p>\n<p id=\"rop\"><small>Originally posted 2022-12-05 15:07:06. <\/small><\/p>","protected":false},"excerpt":{"rendered":"<p>15 dias depois do enterro do m\u00fasico Nagrelha, o que se dizer? H\u00e1 duas semanas os angolanos assistiram ao enterro daquele que \u00e9 provavelmente o Kudurista com mais f\u00e3s no pa\u00eds. Nagrelha terminava os shows quando quisesse. Convidado a um espect\u00e1culo musical, era dos \u00faltimos a cantar para n\u00e3o se correr o risco de o [&hellip;]<\/p>\n","protected":false},"author":3,"featured_media":2326,"comment_status":"open","ping_status":"open","sticky":false,"template":"","format":"standard","meta":{"footnotes":""},"categories":[13,67],"tags":[],"class_list":["post-2325","post","type-post","status-publish","format-standard","has-post-thumbnail","hentry","category-cultura","category-musica"],"_links":{"self":[{"href":"https:\/\/radioiep.com\/site\/wp-json\/wp\/v2\/posts\/2325","targetHints":{"allow":["GET"]}}],"collection":[{"href":"https:\/\/radioiep.com\/site\/wp-json\/wp\/v2\/posts"}],"about":[{"href":"https:\/\/radioiep.com\/site\/wp-json\/wp\/v2\/types\/post"}],"author":[{"embeddable":true,"href":"https:\/\/radioiep.com\/site\/wp-json\/wp\/v2\/users\/3"}],"replies":[{"embeddable":true,"href":"https:\/\/radioiep.com\/site\/wp-json\/wp\/v2\/comments?post=2325"}],"version-history":[{"count":0,"href":"https:\/\/radioiep.com\/site\/wp-json\/wp\/v2\/posts\/2325\/revisions"}],"wp:featuredmedia":[{"embeddable":true,"href":"https:\/\/radioiep.com\/site\/wp-json\/wp\/v2\/media\/2326"}],"wp:attachment":[{"href":"https:\/\/radioiep.com\/site\/wp-json\/wp\/v2\/media?parent=2325"}],"wp:term":[{"taxonomy":"category","embeddable":true,"href":"https:\/\/radioiep.com\/site\/wp-json\/wp\/v2\/categories?post=2325"},{"taxonomy":"post_tag","embeddable":true,"href":"https:\/\/radioiep.com\/site\/wp-json\/wp\/v2\/tags?post=2325"}],"curies":[{"name":"wp","href":"https:\/\/api.w.org\/{rel}","templated":true}]}}