{"id":2267,"date":"2025-06-17T01:05:25","date_gmt":"2025-06-17T01:05:25","guid":{"rendered":"https:\/\/radioiep.com\/?p=2267"},"modified":"2025-06-17T01:05:25","modified_gmt":"2025-06-17T01:05:25","slug":"lancamento-do-natal-sem-fome-sera-na-feira-viver-sustentavel-no-parque-da-cidade-no-dia-mundial-da-alimentacao-16-10","status":"publish","type":"post","link":"https:\/\/radioiep.com\/site\/lancamento-do-natal-sem-fome-sera-na-feira-viver-sustentavel-no-parque-da-cidade-no-dia-mundial-da-alimentacao-16-10\/","title":{"rendered":"Lan\u00e7amento do Natal sem Fome ser\u00e1 na Feira Viver Sustent\u00e1vel, no Parque da Cidade, no Dia Mundial da Alimenta\u00e7\u00e3o (16\/10)"},"content":{"rendered":"<p><strong>Lan\u00e7amento do Natal sem Fome ser\u00e1 na Feira Viver Sustent\u00e1vel, no Parque da Cidade, no Dia Mundial da Alimenta\u00e7\u00e3o (16\/10)<\/strong><\/p>\n<p>No Parque da Cidade, no domingo,16 de outubro, Dia Mundial da Alimenta\u00e7\u00e3o, a A\u00e7\u00e3o da Cidadania ir\u00e1 realizar o Lan\u00e7amento da Campanha &#8220;Natal sem Fome 2022&#8221;, no espa\u00e7o da Cidadania dentro do evento &#8220;Feira Viver Sustent\u00e1vel&#8221;, onde estar\u00e1 arrecadando alimentos e promovendo v\u00e1rias atividades como: roda de conversa, shows musicais, performances de Teatro, dan\u00e7a, poesia, interven\u00e7\u00e3o de artes pl\u00e1sticas, espa\u00e7o kids e muito mais..<\/p>\n<p>Mais um ano a produtora cultural, escritora e ativista humanit\u00e1ria Luzia Moraes ser\u00e1 a &#8220;Madrinha&#8221; da Campanha na Bahia e assina a coordena\u00e7\u00e3o da parte art\u00edstica com Raimundo Bandeira, Coordenador Executivo da A\u00e7\u00e3o da Cidadania &#8211; Comit\u00ea Salvador.<\/p>\n<p>O evento ter\u00e1 a participa\u00e7\u00e3o de muitos artistas e Institui\u00e7\u00f5es, nomes como Tonho Mat\u00e9ria e seu grupo de Capoeira Mangang\u00e1, Agnoell Crioulo, Mc Duello19, Projeto Gente que Brilha com Nina Sol, Lia Chaves e Malu Soares, entre muitas personalidades.<\/p>\n<p>A grande novidade \u00e9 a apresenta\u00e7\u00e3o da M\u00fasica Medicina ou M\u00fasica de Rezo com o l\u00edder indigena Wakay (Ind\u00edgena da etnia kariri-xoc\u00f3 e fulni-\u00f4), Caminho do Amor, Urso da Montanha, Brisa Alegre, Funda\u00e7\u00e3o Terra Mirim, Ang\u00e9lica Leal e muitas surpresas.<\/p>\n<p>A interven\u00e7\u00e3o do ambientalista e artista visual Andr\u00e9 Fernandes que far\u00e1 uma interven\u00e7\u00e3o chamando a aten\u00e7\u00e3o para a preserva\u00e7\u00e3o do meio ambiente com suas famosas esculturas de pl\u00e1sticos retirados do lixo.<\/p>\n<p>A performance do artista pl\u00e1stico Aity Diop, que ir\u00e1 proporcionar ao p\u00fablico presente a oportunidade de interagir com uma &#8220;tela livre&#8221;, para que juntos com o artista formem uma obra interativa e coletiva.<\/p>\n<p>Apoio institucional: Prefeitura da Cidade de Salvador atrav\u00e9s da SECIS &#8211; Secretaria Cidade Sustent\u00e1vel, Rede Bahia atrav\u00e9s de seus ve\u00edculos de comunica\u00e7\u00e3o, as R\u00e1dios Bahia FM, Globo FM, Jovem Pan, o Correio, IBahia e TV Bahia.<\/p>\n<p>A justificativa de sua realiza\u00e7\u00e3o \u00e9 de transformar a\u00e7\u00f5es na vida das pessoas e da cidade, abordando tem\u00e1ticas importantes no atual contexto mundial, buscando incentivar e conscientizar as pessoas para a urgente import\u00e2ncia da sustentabilidade na nossa vida.<\/p>\n<p>Maiores Informa\u00e7\u00f5es:<br \/>\nWhatsapp (71) 9 8800 9560.<\/p>\n<p>Instagram:<br \/>\n@feiraviversustentavel<br \/>\n@acaosalvador<br \/>\n@luziamoraes<\/p>\n<p id=\"rop\"><small>Originally posted 2022-10-07 13:52:08. <\/small><\/p>","protected":false},"excerpt":{"rendered":"<p>Lan\u00e7amento do Natal sem Fome ser\u00e1 na Feira Viver Sustent\u00e1vel, no Parque da Cidade, no Dia Mundial da Alimenta\u00e7\u00e3o (16\/10) No Parque da Cidade, no domingo,16 de outubro, Dia Mundial da Alimenta\u00e7\u00e3o, a A\u00e7\u00e3o da Cidadania ir\u00e1 realizar o Lan\u00e7amento da Campanha &#8220;Natal sem Fome 2022&#8221;, no espa\u00e7o da Cidadania dentro do evento &#8220;Feira Viver [&hellip;]<\/p>\n","protected":false},"author":3,"featured_media":2268,"comment_status":"open","ping_status":"open","sticky":false,"template":"","format":"standard","meta":{"footnotes":""},"categories":[72],"tags":[],"class_list":["post-2267","post","type-post","status-publish","format-standard","has-post-thumbnail","hentry","category-reportagem"],"_links":{"self":[{"href":"https:\/\/radioiep.com\/site\/wp-json\/wp\/v2\/posts\/2267","targetHints":{"allow":["GET"]}}],"collection":[{"href":"https:\/\/radioiep.com\/site\/wp-json\/wp\/v2\/posts"}],"about":[{"href":"https:\/\/radioiep.com\/site\/wp-json\/wp\/v2\/types\/post"}],"author":[{"embeddable":true,"href":"https:\/\/radioiep.com\/site\/wp-json\/wp\/v2\/users\/3"}],"replies":[{"embeddable":true,"href":"https:\/\/radioiep.com\/site\/wp-json\/wp\/v2\/comments?post=2267"}],"version-history":[{"count":0,"href":"https:\/\/radioiep.com\/site\/wp-json\/wp\/v2\/posts\/2267\/revisions"}],"wp:featuredmedia":[{"embeddable":true,"href":"https:\/\/radioiep.com\/site\/wp-json\/wp\/v2\/media\/2268"}],"wp:attachment":[{"href":"https:\/\/radioiep.com\/site\/wp-json\/wp\/v2\/media?parent=2267"}],"wp:term":[{"taxonomy":"category","embeddable":true,"href":"https:\/\/radioiep.com\/site\/wp-json\/wp\/v2\/categories?post=2267"},{"taxonomy":"post_tag","embeddable":true,"href":"https:\/\/radioiep.com\/site\/wp-json\/wp\/v2\/tags?post=2267"}],"curies":[{"name":"wp","href":"https:\/\/api.w.org\/{rel}","templated":true}]}}