{"id":2171,"date":"2025-06-17T01:05:06","date_gmt":"2025-06-17T01:05:06","guid":{"rendered":"https:\/\/radioiep.com\/?p=2171"},"modified":"2025-06-17T01:05:06","modified_gmt":"2025-06-17T01:05:06","slug":"grupo-pede-teresa-em-salvador","status":"publish","type":"post","link":"https:\/\/radioiep.com\/site\/grupo-pede-teresa-em-salvador\/","title":{"rendered":"Grupo Pede Teresa em Salvador"},"content":{"rendered":"<p><strong>Grupo Pede Teresa em Salvador<\/strong><\/p>\n<p>O Grupo &#8220;Pede Teresa&#8221; desembarca em solo baiano, no pr\u00f3ximo dia 06, com apresenta\u00e7\u00f5es confirmadas no Mousa Music, dia 10 de setembro, atrav\u00e9s do convite do sambista baiano O Pretinho, no dia 07 ir\u00e1 participar junto com Eduardinho do Samba da Independ\u00eancia que acontecer\u00e1 na Concha Ac\u00fastica Roger Batera, em Lauro de Freitas.<\/p>\n<p>No dia 09 eles ir\u00e3o conceder uma entrevista mais que especial na nossa famosa R\u00e1dio Sociedade FM.<\/p>\n<p>A roda de samba PEDE TERESA nasceu em 2013, aos p\u00e9s de Santa Teresa como uma reuni\u00e3o de amigos.<\/p>\n<p>Em 2014, j\u00e1 com o p\u00fablico fiel, desloca-se para a Avenida Gomes Freire, no bar Paulistinha mantendo a chama da liberdade do samba acesa.<\/p>\n<p>\u00c9 na Pra\u00e7a Tiradentes que o grupo explode, reunindo em m\u00e9dia 2 mil pessoas todas as sextas feiras. Resignificando o ambiente em arte, cultura e vida.<\/p>\n<p>O Grupo composto \u00e9 por Wanderson Luna, Alex Oliver, L\u00e9o Ros\u00e1rio, Blade percuss\u00e3o.<\/p>\n<p>Em Salvador, o Grupo ser\u00e1 recepcionado por Rosy Luna, produtora cultural e Jorge Gomes em agradecimento a receptividade que receberam do grupo na sua estadia no Rio de Janeiro, com O Pretinho.<\/p>\n<p>Toda essa troca de energia s\u00f3 \u00e9 poss\u00edvel porque Samba \u00e9 a Nossa Paix\u00e3o.<\/p>\n<p id=\"rop\"><small>Originally posted 2022-09-07 08:05:22. <\/small><\/p>","protected":false},"excerpt":{"rendered":"<p>Grupo Pede Teresa em Salvador O Grupo &#8220;Pede Teresa&#8221; desembarca em solo baiano, no pr\u00f3ximo dia 06, com apresenta\u00e7\u00f5es confirmadas no Mousa Music, dia 10 de setembro, atrav\u00e9s do convite do sambista baiano O Pretinho, no dia 07 ir\u00e1 participar junto com Eduardinho do Samba da Independ\u00eancia que acontecer\u00e1 na Concha Ac\u00fastica Roger Batera, em [&hellip;]<\/p>\n","protected":false},"author":3,"featured_media":2172,"comment_status":"open","ping_status":"open","sticky":false,"template":"","format":"standard","meta":{"footnotes":""},"categories":[13,67],"tags":[],"class_list":["post-2171","post","type-post","status-publish","format-standard","has-post-thumbnail","hentry","category-cultura","category-musica"],"_links":{"self":[{"href":"https:\/\/radioiep.com\/site\/wp-json\/wp\/v2\/posts\/2171","targetHints":{"allow":["GET"]}}],"collection":[{"href":"https:\/\/radioiep.com\/site\/wp-json\/wp\/v2\/posts"}],"about":[{"href":"https:\/\/radioiep.com\/site\/wp-json\/wp\/v2\/types\/post"}],"author":[{"embeddable":true,"href":"https:\/\/radioiep.com\/site\/wp-json\/wp\/v2\/users\/3"}],"replies":[{"embeddable":true,"href":"https:\/\/radioiep.com\/site\/wp-json\/wp\/v2\/comments?post=2171"}],"version-history":[{"count":0,"href":"https:\/\/radioiep.com\/site\/wp-json\/wp\/v2\/posts\/2171\/revisions"}],"wp:featuredmedia":[{"embeddable":true,"href":"https:\/\/radioiep.com\/site\/wp-json\/wp\/v2\/media\/2172"}],"wp:attachment":[{"href":"https:\/\/radioiep.com\/site\/wp-json\/wp\/v2\/media?parent=2171"}],"wp:term":[{"taxonomy":"category","embeddable":true,"href":"https:\/\/radioiep.com\/site\/wp-json\/wp\/v2\/categories?post=2171"},{"taxonomy":"post_tag","embeddable":true,"href":"https:\/\/radioiep.com\/site\/wp-json\/wp\/v2\/tags?post=2171"}],"curies":[{"name":"wp","href":"https:\/\/api.w.org\/{rel}","templated":true}]}}