{"id":2168,"date":"2025-06-17T01:05:05","date_gmt":"2025-06-17T01:05:05","guid":{"rendered":"https:\/\/radioiep.com\/?p=2168"},"modified":"2025-06-17T01:05:05","modified_gmt":"2025-06-17T01:05:05","slug":"alberto-cabral-estara-no-coloquio-internacional-memorias-e-sobrevivencias-em-benin-confira","status":"publish","type":"post","link":"https:\/\/radioiep.com\/site\/alberto-cabral-estara-no-coloquio-internacional-memorias-e-sobrevivencias-em-benin-confira\/","title":{"rendered":"Alberto Cabral estar\u00e1 no Col\u00f3quio Internacional &#8220;Mem\u00f3rias e Sobreviv\u00eancias&#8221;, em Benin. Confira!"},"content":{"rendered":"<p><strong>Alberto Cabral estar\u00e1 no Col\u00f3quio Internacional &#8220;Mem\u00f3rias e Sobreviv\u00eancias&#8221;, em Benin. Confira!<\/strong><\/p>\n<p>O Brasil estar\u00e1 muito bem representado na \u00c1frica pelo CEO Alberto Cabral do Brasil Flash TV internacional Switzerland, que marcar\u00e1 presen\u00e7a nos dias 20 e 21 de outubro, no Ouidah-Benin para o Col\u00f3quio Internacional sobre &#8220;Mem\u00f3rias e Sobreviv\u00eancias\u201c promovido pela ONG Afrique D\u00e9cide, oficialmente ligada a presid\u00eancia de Benin, por divulgar e valorizar a hist\u00f3ria e o patrim\u00f4nio cultural do continente africano no mundo.<\/p>\n<p>Alberto Cabral \u00e9 co-fundador do Portal (www.brasilflashtv.com) que divulga o melhor do Brasil no exterior e foi escolhido para promover esse interc\u00e2mbio que ser\u00e1 realizado na Europa em 2023, sendo Embaixador das Artes, Cultura, Letras e Turismo.<\/p>\n<p>Sua miss\u00e3o \u00e9 de estreitar rela\u00e7\u00f5es trilateral entre Europa, Brasil e \u00c1frica, especialmente com a Bahia, lugar onde tudo come\u00e7ou.<\/p>\n<p>Segundo Alberto: &#8220;Ter esse compromisso com nossas ra\u00edzes ancestrais afetivas \u00e9 muito importante. Aqui fica enfatizada a relev\u00e2ncia do trabalho de resgate da mem\u00f3ria art\u00edstica desse brasileiro residente desde 1997 na Su\u00ed\u00e7a&#8221;.<\/p>\n<p id=\"rop\"><small>Originally posted 2022-09-07 08:03:32. <\/small><\/p>","protected":false},"excerpt":{"rendered":"<p>Alberto Cabral estar\u00e1 no Col\u00f3quio Internacional &#8220;Mem\u00f3rias e Sobreviv\u00eancias&#8221;, em Benin. Confira! O Brasil estar\u00e1 muito bem representado na \u00c1frica pelo CEO Alberto Cabral do Brasil Flash TV internacional Switzerland, que marcar\u00e1 presen\u00e7a nos dias 20 e 21 de outubro, no Ouidah-Benin para o Col\u00f3quio Internacional sobre &#8220;Mem\u00f3rias e Sobreviv\u00eancias\u201c promovido pela ONG Afrique D\u00e9cide, [&hellip;]<\/p>\n","protected":false},"author":3,"featured_media":2169,"comment_status":"open","ping_status":"open","sticky":false,"template":"","format":"standard","meta":{"footnotes":""},"categories":[50],"tags":[],"class_list":["post-2168","post","type-post","status-publish","format-standard","has-post-thumbnail","hentry","category-personalidade"],"_links":{"self":[{"href":"https:\/\/radioiep.com\/site\/wp-json\/wp\/v2\/posts\/2168","targetHints":{"allow":["GET"]}}],"collection":[{"href":"https:\/\/radioiep.com\/site\/wp-json\/wp\/v2\/posts"}],"about":[{"href":"https:\/\/radioiep.com\/site\/wp-json\/wp\/v2\/types\/post"}],"author":[{"embeddable":true,"href":"https:\/\/radioiep.com\/site\/wp-json\/wp\/v2\/users\/3"}],"replies":[{"embeddable":true,"href":"https:\/\/radioiep.com\/site\/wp-json\/wp\/v2\/comments?post=2168"}],"version-history":[{"count":0,"href":"https:\/\/radioiep.com\/site\/wp-json\/wp\/v2\/posts\/2168\/revisions"}],"wp:featuredmedia":[{"embeddable":true,"href":"https:\/\/radioiep.com\/site\/wp-json\/wp\/v2\/media\/2169"}],"wp:attachment":[{"href":"https:\/\/radioiep.com\/site\/wp-json\/wp\/v2\/media?parent=2168"}],"wp:term":[{"taxonomy":"category","embeddable":true,"href":"https:\/\/radioiep.com\/site\/wp-json\/wp\/v2\/categories?post=2168"},{"taxonomy":"post_tag","embeddable":true,"href":"https:\/\/radioiep.com\/site\/wp-json\/wp\/v2\/tags?post=2168"}],"curies":[{"name":"wp","href":"https:\/\/api.w.org\/{rel}","templated":true}]}}