{"id":2076,"date":"2025-06-17T01:04:40","date_gmt":"2025-06-17T01:04:40","guid":{"rendered":"https:\/\/radioiep.com\/?p=2076"},"modified":"2025-06-17T01:04:40","modified_gmt":"2025-06-17T01:04:40","slug":"rada-rezeda-e-tabita-rezeda-no-filha-da-mae-show-de-humor-e-podcast-confira","status":"publish","type":"post","link":"https:\/\/radioiep.com\/site\/rada-rezeda-e-tabita-rezeda-no-filha-da-mae-show-de-humor-e-podcast-confira\/","title":{"rendered":"Rada Rezed\u00e1 e T\u00e1bita Rezed\u00e1 no &#8220;Filha da M\u00e3e: Show de Humor e Podcast&#8221;. Confira"},"content":{"rendered":"<p><strong>Rada Rezed\u00e1 e T\u00e1bita Rezed\u00e1 no &#8220;Filha da M\u00e3e: Show de Humor e Podcast&#8221;. Confira<\/strong>!<\/p>\n<p>No pr\u00f3ximo s\u00e1bado, dia 13 de agosto vai acontecer o super show de humor &#8220;Filha da M\u00e3e&#8221; da Rada Rezed\u00e1 e sua filha T\u00e1bita Rezed\u00e1 que tamb\u00e9m \u00e9 podcast e ter\u00e1 como participa\u00e7\u00e3o especial a cantora Lia Gondim.<\/p>\n<p>O evento ser\u00e1 no Bar e Restaurante Quintal da Mangueira (Imbu\u00ed) e promete muitas risadas das hist\u00f3rias vividas entre m\u00e3e e filha.<\/p>\n<p>O encontro traz um formato diferenciado que mistura podcast, show de humor, m\u00fasica, entrevista e sorteio de brindes. Imperd\u00edvel!<\/p>\n<p>Servi\u00e7o<\/p>\n<p>Filha da M\u00e3e: Show de Humor e Podcast Ao Vivo<br \/>\nLocal: Quintal da Mangueira;<br \/>\nData: 13 de agosto (s\u00e1bado);<br \/>\nHor\u00e1rio: 16h30;<br \/>\nIngressos no (71) 9 9357 1078<br \/>\nEndere\u00e7o: Avenida Jorge Amado,. 48A, Imbu\u00ed;<br \/>\nProdu\u00e7\u00e3o Rada Comunicativa<\/p>\n<p>Instagram:<br \/>\n@radarezeda<br \/>\n@quintaldamangueira<\/p>\n<p id=\"rop\"><small>Originally posted 2022-08-11 00:09:17. <\/small><\/p>","protected":false},"excerpt":{"rendered":"<p>Rada Rezed\u00e1 e T\u00e1bita Rezed\u00e1 no &#8220;Filha da M\u00e3e: Show de Humor e Podcast&#8221;. Confira! No pr\u00f3ximo s\u00e1bado, dia 13 de agosto vai acontecer o super show de humor &#8220;Filha da M\u00e3e&#8221; da Rada Rezed\u00e1 e sua filha T\u00e1bita Rezed\u00e1 que tamb\u00e9m \u00e9 podcast e ter\u00e1 como participa\u00e7\u00e3o especial a cantora Lia Gondim. O evento [&hellip;]<\/p>\n","protected":false},"author":3,"featured_media":2077,"comment_status":"open","ping_status":"open","sticky":false,"template":"","format":"standard","meta":{"footnotes":""},"categories":[10],"tags":[],"class_list":["post-2076","post","type-post","status-publish","format-standard","has-post-thumbnail","hentry","category-arte"],"_links":{"self":[{"href":"https:\/\/radioiep.com\/site\/wp-json\/wp\/v2\/posts\/2076","targetHints":{"allow":["GET"]}}],"collection":[{"href":"https:\/\/radioiep.com\/site\/wp-json\/wp\/v2\/posts"}],"about":[{"href":"https:\/\/radioiep.com\/site\/wp-json\/wp\/v2\/types\/post"}],"author":[{"embeddable":true,"href":"https:\/\/radioiep.com\/site\/wp-json\/wp\/v2\/users\/3"}],"replies":[{"embeddable":true,"href":"https:\/\/radioiep.com\/site\/wp-json\/wp\/v2\/comments?post=2076"}],"version-history":[{"count":0,"href":"https:\/\/radioiep.com\/site\/wp-json\/wp\/v2\/posts\/2076\/revisions"}],"wp:featuredmedia":[{"embeddable":true,"href":"https:\/\/radioiep.com\/site\/wp-json\/wp\/v2\/media\/2077"}],"wp:attachment":[{"href":"https:\/\/radioiep.com\/site\/wp-json\/wp\/v2\/media?parent=2076"}],"wp:term":[{"taxonomy":"category","embeddable":true,"href":"https:\/\/radioiep.com\/site\/wp-json\/wp\/v2\/categories?post=2076"},{"taxonomy":"post_tag","embeddable":true,"href":"https:\/\/radioiep.com\/site\/wp-json\/wp\/v2\/tags?post=2076"}],"curies":[{"name":"wp","href":"https:\/\/api.w.org\/{rel}","templated":true}]}}