{"id":1986,"date":"2026-04-15T19:27:32","date_gmt":"2026-04-15T19:27:32","guid":{"rendered":"https:\/\/radioiep.com\/?p=1986"},"modified":"2026-04-15T19:27:32","modified_gmt":"2026-04-15T19:27:32","slug":"o-fibac-pela-paz-aconteceu-no-ultimo-final-de-semana-e-lotou-o-teatro-municipal-de-maua-sp-confira","status":"publish","type":"post","link":"https:\/\/radioiep.com\/site\/o-fibac-pela-paz-aconteceu-no-ultimo-final-de-semana-e-lotou-o-teatro-municipal-de-maua-sp-confira\/","title":{"rendered":"O FIBAC pela Paz aconteceu no \u00faltimo final de semana e lotou o Teatro Municipal de Mau\u00e1-SP. Confira!"},"content":{"rendered":"<p><strong>O FIBAC pela Paz aconteceu no \u00faltimo final de semana e lotou o Teatro Municipal de Mau\u00e1-SP. Confira!<\/strong><\/p>\n<p>Aconteceu no \u00faltimo s\u00e1bado (23\/07), no Teatro Municipal de Mau\u00e1-SP, o &#8220;Festival Internacional Iberoamericano de Arte e Cultura pela Paz -F.I.B.A.C Brasil 2022&#8221;, onde foram homenageados 130 artistas e personalidades do Brasil e do mundo e lotou completamente o espa\u00e7o.<\/p>\n<p>O F.I.B.A.C &#8211; Brasil teve a honra de receber 30 artistas de v\u00e1rios pa\u00edses da \u00c1frica, os quais foram homenageados, com o &#8220;Trof\u00e9u Elefante Africano&#8221;, obra de arte criada pelo artista pl\u00e1stico Dario Najamerlinn de S\u00e3o Paulo.<\/p>\n<p>O trof\u00e9u vem simbolizando a natureza africana e a pequena popula\u00e7\u00e3o de elefantes ainda vivos. O F.I.B.A.C -Brasil foi apresentado pelo cantor, apresentador e diretor geral do Brasil Sayder SDR.<\/p>\n<p>Esse dia ficar\u00e1 na hist\u00f3ria da arte e cultura, pois homenageou com os pr\u00eamios internacionais: &#8220;Festival Iberoamericano&#8221; e o &#8220;Nevado Solid\u00e1rio de Ouro 2022&#8221;, desde artistas ainda pouco conhecidos pela grande m\u00eddia at\u00e9 famosos como por exemplo, os apresentadores de TV Le\u00e3o Lobo e Waldir Gomes.<\/p>\n<p>Um momento singular foi a do menino de apenas 1 aninho e 4 meses, o pequeno Miguel Arcann que foi lan\u00e7ado como artista no mesmo dia do Festival e foi um dos homenageados. \u00c9 muito gratificante ver esse encontro de personalidades de diversas express\u00f5es em prol das artes e pela paz mundial.<\/p>\n<p>F.I.B.A.C &#8211; Brasil contou com uma equipe de colaboradores que fizeram a diferen\u00e7a nesse evento, s\u00e3o eles:<\/p>\n<p>-Sayder SDR;<br \/>\n-Aguimar de Souza;<br \/>\n-Marta Fox;<br \/>\n-Antony Silva;<br \/>\n-Elaine Souza;<br \/>\n-Anderson Mota;<br \/>\n-Domingos Filho;<br \/>\n-kleber Sousa;<br \/>\n-Dario Najamerlinn;<br \/>\n-Rossngela Mell;<br \/>\n-Igor Bartchewsky.<\/p>\n<p>O F.I.B.A.C. Brasil agradece a mais uma edi\u00e7\u00e3o de sucesso e a todos os envolvidos. Aguardem as pr\u00f3ximas edi\u00e7\u00f5es!<\/p>\n<p>Vida longa a este projeto grandioso!<\/p>\n<p id=\"rop\"><small>Originally posted 2022-07-25 14:53:00. <\/small><\/p>","protected":false},"excerpt":{"rendered":"<p>O FIBAC pela Paz aconteceu no \u00faltimo final de semana e lotou o Teatro Municipal de Mau\u00e1-SP. Confira! Aconteceu no \u00faltimo s\u00e1bado (23\/07), no Teatro Municipal de Mau\u00e1-SP, o &#8220;Festival Internacional Iberoamericano de Arte e Cultura pela Paz -F.I.B.A.C Brasil 2022&#8221;, onde foram homenageados 130 artistas e personalidades do Brasil e do mundo e lotou [&hellip;]<\/p>\n","protected":false},"author":3,"featured_media":1987,"comment_status":"open","ping_status":"open","sticky":false,"template":"","format":"standard","meta":{"footnotes":""},"categories":[9],"tags":[],"class_list":["post-1986","post","type-post","status-publish","format-standard","has-post-thumbnail","hentry","category-artigos"],"_links":{"self":[{"href":"https:\/\/radioiep.com\/site\/wp-json\/wp\/v2\/posts\/1986","targetHints":{"allow":["GET"]}}],"collection":[{"href":"https:\/\/radioiep.com\/site\/wp-json\/wp\/v2\/posts"}],"about":[{"href":"https:\/\/radioiep.com\/site\/wp-json\/wp\/v2\/types\/post"}],"author":[{"embeddable":true,"href":"https:\/\/radioiep.com\/site\/wp-json\/wp\/v2\/users\/3"}],"replies":[{"embeddable":true,"href":"https:\/\/radioiep.com\/site\/wp-json\/wp\/v2\/comments?post=1986"}],"version-history":[{"count":0,"href":"https:\/\/radioiep.com\/site\/wp-json\/wp\/v2\/posts\/1986\/revisions"}],"wp:featuredmedia":[{"embeddable":true,"href":"https:\/\/radioiep.com\/site\/wp-json\/wp\/v2\/media\/1987"}],"wp:attachment":[{"href":"https:\/\/radioiep.com\/site\/wp-json\/wp\/v2\/media?parent=1986"}],"wp:term":[{"taxonomy":"category","embeddable":true,"href":"https:\/\/radioiep.com\/site\/wp-json\/wp\/v2\/categories?post=1986"},{"taxonomy":"post_tag","embeddable":true,"href":"https:\/\/radioiep.com\/site\/wp-json\/wp\/v2\/tags?post=1986"}],"curies":[{"name":"wp","href":"https:\/\/api.w.org\/{rel}","templated":true}]}}