{"id":1979,"date":"2026-04-15T19:27:30","date_gmt":"2026-04-15T19:27:30","guid":{"rendered":"https:\/\/radioiep.com\/?p=1979"},"modified":"2026-04-15T19:27:30","modified_gmt":"2026-04-15T19:27:30","slug":"o-musico-e-compositor-leal-carvalho-recebeu-o-premio-internacional-ibero-americano-de-arte-e-cultura-pela-paz-2022","status":"publish","type":"post","link":"https:\/\/radioiep.com\/site\/o-musico-e-compositor-leal-carvalho-recebeu-o-premio-internacional-ibero-americano-de-arte-e-cultura-pela-paz-2022\/","title":{"rendered":"O m\u00fasico e compositor Leal Carvalho recebeu o Pr\u00eamio Internacional Ibero-americano de Arte e Cultura pela Paz 2022"},"content":{"rendered":"<p><strong>O m\u00fasico e compositor Leal Carvalho recebeu o Pr\u00eamio Internacional Ibero-americano de Arte e Cultura pela Paz 2022<\/strong><\/p>\n<p>O m\u00fasico e compositor Leal Carvalho acaba de receber o &#8220;Pr\u00eamio Internacional Ibero-americano de Arte e Cultura pela Paz 2022&#8221; pelas suas contribui\u00e7\u00f5es em prol da na\u00e7\u00e3o.<\/p>\n<p>Leal Carvalho \u00e9 cantor, m\u00fasico e compositor. Nasceu no Rio de Janeiro, foi criado em Bras\u00edlia e tem se tornando um nome atuante no movimento \u201cCultura de Paz no Brasil\u201d, inclusive com as suas composi\u00e7\u00f5es, como por exemplo \u201cPela a Cura do Planeta\u201d, \u201cFor\u00e7a da Paz\u201d, entre outras.<\/p>\n<p>Leal \u00e9 Padrinho do movimento \u201cCanarinho Branco\u201d que tem ganhado cada dia mais espa\u00e7o. Rezador consagrado e respeitado, Leal \u00e9 um veterano que traz ainda mais brilho \u00e0 m\u00fasica de rezo brasileira.<\/p>\n<p>O FibacxPaz conta com a participa\u00e7\u00e3o de contemplados da Arte e Cultura da Am\u00e9rica Latina e do mundo. Cantores, m\u00fasicos, escritores, poetas, artistas visuais, chefes de cozinha, ativistas socioambientais, dan\u00e7arinos, atores, autoridades governamentais, entre outras infinitas express\u00f5es.<\/p>\n<p>Fibac pela Paz foi criado na cidade de San Rafael Mendoza (Argentina), com o objetivo de reunir personalidades em prol da contribui\u00e7\u00e3o solid\u00e1ria, a verdadeira ponte de uni\u00e3o e paz entre os homens e povos. Idealizado pelo argentino Rulo Ortubia (Dire\u00e7\u00e3o Geral Argentina).<\/p>\n<p>Atualmente, o FibacxPaz \u00e9 realizado em 17 pa\u00edses como: Argentina, Angola, Bol\u00edvia, Brasil, Costa Rica, Chile, Col\u00f4mbia, Cuba, M\u00e9xico, Estados Unidos, Venezuela, Espanha, \u00cdndia, Su\u00e9cia, Peru, Uruguai, Austr\u00e1lia, Rep\u00fablica Dominicana.<\/p>\n<p>Maiores informa\u00e7\u00f5es no Instagram: @lealcarvalhooficial<\/p>\n<p id=\"rop\"><small>Originally posted 2022-07-22 21:24:32. <\/small><\/p>","protected":false},"excerpt":{"rendered":"<p>O m\u00fasico e compositor Leal Carvalho recebeu o Pr\u00eamio Internacional Ibero-americano de Arte e Cultura pela Paz 2022 O m\u00fasico e compositor Leal Carvalho acaba de receber o &#8220;Pr\u00eamio Internacional Ibero-americano de Arte e Cultura pela Paz 2022&#8221; pelas suas contribui\u00e7\u00f5es em prol da na\u00e7\u00e3o. Leal Carvalho \u00e9 cantor, m\u00fasico e compositor. Nasceu no Rio [&hellip;]<\/p>\n","protected":false},"author":3,"featured_media":1980,"comment_status":"open","ping_status":"open","sticky":false,"template":"","format":"standard","meta":{"footnotes":""},"categories":[9],"tags":[],"class_list":["post-1979","post","type-post","status-publish","format-standard","has-post-thumbnail","hentry","category-artigos"],"_links":{"self":[{"href":"https:\/\/radioiep.com\/site\/wp-json\/wp\/v2\/posts\/1979","targetHints":{"allow":["GET"]}}],"collection":[{"href":"https:\/\/radioiep.com\/site\/wp-json\/wp\/v2\/posts"}],"about":[{"href":"https:\/\/radioiep.com\/site\/wp-json\/wp\/v2\/types\/post"}],"author":[{"embeddable":true,"href":"https:\/\/radioiep.com\/site\/wp-json\/wp\/v2\/users\/3"}],"replies":[{"embeddable":true,"href":"https:\/\/radioiep.com\/site\/wp-json\/wp\/v2\/comments?post=1979"}],"version-history":[{"count":0,"href":"https:\/\/radioiep.com\/site\/wp-json\/wp\/v2\/posts\/1979\/revisions"}],"wp:featuredmedia":[{"embeddable":true,"href":"https:\/\/radioiep.com\/site\/wp-json\/wp\/v2\/media\/1980"}],"wp:attachment":[{"href":"https:\/\/radioiep.com\/site\/wp-json\/wp\/v2\/media?parent=1979"}],"wp:term":[{"taxonomy":"category","embeddable":true,"href":"https:\/\/radioiep.com\/site\/wp-json\/wp\/v2\/categories?post=1979"},{"taxonomy":"post_tag","embeddable":true,"href":"https:\/\/radioiep.com\/site\/wp-json\/wp\/v2\/tags?post=1979"}],"curies":[{"name":"wp","href":"https:\/\/api.w.org\/{rel}","templated":true}]}}