{"id":1971,"date":"2026-04-15T19:27:28","date_gmt":"2026-04-15T19:27:28","guid":{"rendered":"https:\/\/radioiep.com\/?p=1971"},"modified":"2026-04-15T19:27:28","modified_gmt":"2026-04-15T19:27:28","slug":"o-percussionista-sergio-bore-recebeu-o-premio-internacional-ibero-americano-de-arte-e-cultura-pela-paz-2022","status":"publish","type":"post","link":"https:\/\/radioiep.com\/site\/o-percussionista-sergio-bore-recebeu-o-premio-internacional-ibero-americano-de-arte-e-cultura-pela-paz-2022\/","title":{"rendered":"O percussionista Sergio Bor\u00e9 recebeu o Pr\u00eamio Internacional Ibero-americano de Arte e Cultura pela Paz 2022."},"content":{"rendered":"<p><strong>O percussionista Sergio Bor\u00e9 recebeu o Pr\u00eamio Internacional Ibero-americano de Arte e Cultura pela Paz 2022.<\/strong><\/p>\n<p>Um dos mais reconhecidos percussionistas brasileiros, Sergio Bor\u00e9 celebra e segue com plenitude sua consolidada carreira no Brasil e no exterior e acaba de receber o &#8220;Pr\u00eamio Internacional Ibero-americano de Arte e Cultura pela Paz 2022&#8221; pelas suas contribui\u00e7\u00f5es em prol da na\u00e7\u00e3o.<\/p>\n<p>Compositor, pesquisador, espiritualista e criador de nuances musicais, Sergio criou o renomado grupo \u201cTambores Urbanos\u201d de uma profunda riqueza po\u00e9tica da cultura popular brasileira e variedade de combina\u00e7\u00f5es instrumentais.<\/p>\n<p>O FibacxPaz conta com a participa\u00e7\u00e3o de contemplados da Arte e Cultura da Am\u00e9rica Latina e do mundo. Cantores, m\u00fasicos, escritores, poetas, artistas visuais, chefes de cozinha, ativistas socioambientais, dan\u00e7arinos, atores, autoridades governamentais, entre outras infinitas express\u00f5es.<\/p>\n<p>Fibac pela Paz foi criado na cidade de San Rafael Mendoza (Argentina), com o objetivo de reunir personalidades em prol da contribui\u00e7\u00e3o solid\u00e1ria, a verdadeira ponte de uni\u00e3o e paz entre os homens e povos. Idealizado pelo argentino Rulo Ortubia (Dire\u00e7\u00e3o Geral Argentina).<\/p>\n<p>Atualmente, o FibacxPaz \u00e9 realizado em 17 pa\u00edses como: Argentina, Angola, Bol\u00edvia, Brasil, Costa Rica, Chile, Col\u00f4mbia, Cuba, M\u00e9xico, Estados Unidos, Venezuela, Espanha, \u00cdndia, Su\u00e9cia, Peru, Uruguai, Austr\u00e1lia, Rep\u00fablica Dominicana.<\/p>\n<p>S\u00e9rgio se apresentou no \u00faltimo final de semana com imenso sucesso no Aya Festival de M\u00fasica Medicina, na Chapada dos Veadeiros, em Alto Para\u00edso de Goi\u00e1s levando o p\u00fablico ao \u00eaxtase.<\/p>\n<p>Maiores informa\u00e7\u00f5es no Instagram: @sergiobore<\/p>\n<p id=\"rop\"><small>Originally posted 2022-07-22 19:37:48. <\/small><\/p>","protected":false},"excerpt":{"rendered":"<p>O percussionista Sergio Bor\u00e9 recebeu o Pr\u00eamio Internacional Ibero-americano de Arte e Cultura pela Paz 2022. Um dos mais reconhecidos percussionistas brasileiros, Sergio Bor\u00e9 celebra e segue com plenitude sua consolidada carreira no Brasil e no exterior e acaba de receber o &#8220;Pr\u00eamio Internacional Ibero-americano de Arte e Cultura pela Paz 2022&#8221; pelas suas contribui\u00e7\u00f5es [&hellip;]<\/p>\n","protected":false},"author":3,"featured_media":1972,"comment_status":"open","ping_status":"open","sticky":false,"template":"","format":"standard","meta":{"footnotes":""},"categories":[13],"tags":[],"class_list":["post-1971","post","type-post","status-publish","format-standard","has-post-thumbnail","hentry","category-cultura"],"_links":{"self":[{"href":"https:\/\/radioiep.com\/site\/wp-json\/wp\/v2\/posts\/1971","targetHints":{"allow":["GET"]}}],"collection":[{"href":"https:\/\/radioiep.com\/site\/wp-json\/wp\/v2\/posts"}],"about":[{"href":"https:\/\/radioiep.com\/site\/wp-json\/wp\/v2\/types\/post"}],"author":[{"embeddable":true,"href":"https:\/\/radioiep.com\/site\/wp-json\/wp\/v2\/users\/3"}],"replies":[{"embeddable":true,"href":"https:\/\/radioiep.com\/site\/wp-json\/wp\/v2\/comments?post=1971"}],"version-history":[{"count":0,"href":"https:\/\/radioiep.com\/site\/wp-json\/wp\/v2\/posts\/1971\/revisions"}],"wp:featuredmedia":[{"embeddable":true,"href":"https:\/\/radioiep.com\/site\/wp-json\/wp\/v2\/media\/1972"}],"wp:attachment":[{"href":"https:\/\/radioiep.com\/site\/wp-json\/wp\/v2\/media?parent=1971"}],"wp:term":[{"taxonomy":"category","embeddable":true,"href":"https:\/\/radioiep.com\/site\/wp-json\/wp\/v2\/categories?post=1971"},{"taxonomy":"post_tag","embeddable":true,"href":"https:\/\/radioiep.com\/site\/wp-json\/wp\/v2\/tags?post=1971"}],"curies":[{"name":"wp","href":"https:\/\/api.w.org\/{rel}","templated":true}]}}