{"id":1968,"date":"2026-04-15T19:27:27","date_gmt":"2026-04-15T19:27:27","guid":{"rendered":"https:\/\/radioiep.com\/?p=1968"},"modified":"2026-04-15T19:27:27","modified_gmt":"2026-04-15T19:27:27","slug":"festival-ibero-americano-de-arte-e-cultura-pela-paz-2022-em-maua-sp","status":"publish","type":"post","link":"https:\/\/radioiep.com\/site\/festival-ibero-americano-de-arte-e-cultura-pela-paz-2022-em-maua-sp\/","title":{"rendered":"Festival Ibero-Americano de Arte e Cultura pela Paz 2022, em Mau\u00e1-SP"},"content":{"rendered":"<p><strong>Festival Ibero-Americano de Arte e Cultura pela Paz 2022, em Mau\u00e1-SP<\/strong><\/p>\n<p>A cidade de Mau\u00e1 participar\u00e1 de um grande encontro cultural, social e solid\u00e1rio pela paz, FibacxPaz que ser\u00e1 realizado no Teatro Municipal, dia 23 de julho (s\u00e1bado), \u00e1s 14h .<\/p>\n<p>O FibacxPaz conta com a participa\u00e7\u00e3o de contemplados da Arte e Cultura da Am\u00e9rica Latina e do mundo. Cantores, m\u00fasicos, escritores, poetas, artistas visuais, chefes de cozinha, ativistas socioambientais, dan\u00e7arinos, atores, autoridades governamentais, entre outras infinitas express\u00f5es.<\/p>\n<p>Fibac pela Paz foi criado na cidade de San Rafael Mendoza (Argentina), com o objetivo de reunir personalidades em prol da contribui\u00e7\u00e3o solid\u00e1ria, a verdadeira ponte de uni\u00e3o e paz entre os homens e povos.<\/p>\n<p>Idealizado pelo argentino Rulo Ortubia (Dire\u00e7\u00e3o Geral Argentina), o FibacxPaz conta com uma equipe de assessores no Brasil, s\u00e3o eles:<br \/>\nSayder SDR (Dire\u00e7\u00e3o Geral no Brasil);<br \/>\nDario Najamerlinn (Dire\u00e7\u00e3o Executiva);<br \/>\nArlan Demetre (Minas Gerais MG);<br \/>\nZenaide dos Santos (Guarulhos SP);<br \/>\nLuzia Moraes (Bahia BA);<br \/>\nAline Melo (Rio de Janeiro RJ);<br \/>\nAguimar de Sousa (Mau\u00e1 SP);<br \/>\nCau\u00e3 Rozz (Taubat\u00e9 SP);<br \/>\nMarta Fox (Baixada Santista);<br \/>\nL\u00edvia Maria (Botucatu SP);<br \/>\nAmilton Ferreira (S\u00e3o Paulo SP);<br \/>\nNilza Dias e Arthur Xavier<br \/>\n(Curitiba-Paran\u00e1);<br \/>\nAntony Silva (Caieiras SP) e<br \/>\nEliezer Lemos (S\u00e3o Vicente SP).<\/p>\n<p>Atualmente, o FibacxPaz \u00e9 realizado em 17 pa\u00edses como: Argentina, Angola, Bol\u00edvia, Costa Rica, Chile, Col\u00f4mbia, Cuba, M\u00e9xico, Estados Unidos, Venezuela, Espanha, \u00cdndia, Su\u00e9cia, Peru, Uruguai, Austr\u00e1lia, Rep\u00fablica Dominicana, incluindo o Brasil e n\u00e3o p\u00e1ra de abrir novos horizontes.<\/p>\n<p>Em sua 5\u00aa Edi\u00e7\u00e3o o evento ser\u00e1 exclusivamente para convidados e seguindo todos os protocolos de conten\u00e7\u00e3o do Covid-19. Aguardem!<\/p>\n<p>Maiores informa\u00e7\u00f5es no Instagram:@SDR3oficial<\/p>\n<p id=\"rop\"><small>Originally posted 2022-07-22 19:35:31. <\/small><\/p>","protected":false},"excerpt":{"rendered":"<p>Festival Ibero-Americano de Arte e Cultura pela Paz 2022, em Mau\u00e1-SP A cidade de Mau\u00e1 participar\u00e1 de um grande encontro cultural, social e solid\u00e1rio pela paz, FibacxPaz que ser\u00e1 realizado no Teatro Municipal, dia 23 de julho (s\u00e1bado), \u00e1s 14h . O FibacxPaz conta com a participa\u00e7\u00e3o de contemplados da Arte e Cultura da Am\u00e9rica [&hellip;]<\/p>\n","protected":false},"author":3,"featured_media":1969,"comment_status":"open","ping_status":"open","sticky":false,"template":"","format":"standard","meta":{"footnotes":""},"categories":[13],"tags":[],"class_list":["post-1968","post","type-post","status-publish","format-standard","has-post-thumbnail","hentry","category-cultura"],"_links":{"self":[{"href":"https:\/\/radioiep.com\/site\/wp-json\/wp\/v2\/posts\/1968","targetHints":{"allow":["GET"]}}],"collection":[{"href":"https:\/\/radioiep.com\/site\/wp-json\/wp\/v2\/posts"}],"about":[{"href":"https:\/\/radioiep.com\/site\/wp-json\/wp\/v2\/types\/post"}],"author":[{"embeddable":true,"href":"https:\/\/radioiep.com\/site\/wp-json\/wp\/v2\/users\/3"}],"replies":[{"embeddable":true,"href":"https:\/\/radioiep.com\/site\/wp-json\/wp\/v2\/comments?post=1968"}],"version-history":[{"count":0,"href":"https:\/\/radioiep.com\/site\/wp-json\/wp\/v2\/posts\/1968\/revisions"}],"wp:featuredmedia":[{"embeddable":true,"href":"https:\/\/radioiep.com\/site\/wp-json\/wp\/v2\/media\/1969"}],"wp:attachment":[{"href":"https:\/\/radioiep.com\/site\/wp-json\/wp\/v2\/media?parent=1968"}],"wp:term":[{"taxonomy":"category","embeddable":true,"href":"https:\/\/radioiep.com\/site\/wp-json\/wp\/v2\/categories?post=1968"},{"taxonomy":"post_tag","embeddable":true,"href":"https:\/\/radioiep.com\/site\/wp-json\/wp\/v2\/tags?post=1968"}],"curies":[{"name":"wp","href":"https:\/\/api.w.org\/{rel}","templated":true}]}}