{"id":1965,"date":"2025-06-17T01:04:09","date_gmt":"2025-06-17T01:04:09","guid":{"rendered":"https:\/\/radioiep.com\/?p=1965"},"modified":"2025-06-17T01:04:09","modified_gmt":"2025-06-17T01:04:09","slug":"conheca-andrea-cathala-e-seu-cantos-de-uma-cabocla-a-sereia-da-mata-que-fez-o-publico-do-aya-festival-arrepiar","status":"publish","type":"post","link":"https:\/\/radioiep.com\/site\/conheca-andrea-cathala-e-seu-cantos-de-uma-cabocla-a-sereia-da-mata-que-fez-o-publico-do-aya-festival-arrepiar\/","title":{"rendered":"Conhe\u00e7a Andr\u00e9a Cathal\u00e1 e seu &#8220;Cantos de uma Cabocla&#8221;. A Sereia da Mata que fez o p\u00fablico do Aya Festival arrepiar!"},"content":{"rendered":"<p><strong>Conhe\u00e7a Andr\u00e9a Cathal\u00e1 e seu &#8220;Cantos de uma Cabocla&#8221;. A Sereia da Mata que fez o p\u00fablico do Aya Festival arrepiar<\/strong>!<\/p>\n<p>Andrea Cathal\u00e1 n\u00e3o passa despercebida, com uma voz potente, marcante, afinad\u00edssima, doce e cheia de vigor, a cantora e compositora \u00e9 conhecida como &#8220;Sereia da Mata&#8221;, uma menina cabocla que com sua voz t\u00e3o melodiosa tem o dom de &#8220;enfeiti\u00e7ar&#8221; quem a ouve.<\/p>\n<p>Na sua apresenta\u00e7\u00e3o no \u00faltimo s\u00e1bado (16\/07), Andrea tocou no palco &#8220;Sol Central&#8221; do Aya Festival de M\u00fasica Medicina, na Chapada dos Veadeiros, em Alto Para\u00edso de Goi\u00e1s, e j\u00e1 chegou arrepiando&#8230;<\/p>\n<p>Abrindo a &#8220;Jurema&#8221; com seus cantos sagrados, o show ficou lotado e Andrea fez o p\u00fablico cantar junto e foi lindo! Andrea \u00e9 puro magnetismo e magia!<\/p>\n<p>Artista autodidata,com mais de 200 composi\u00e7\u00f5es de m\u00fasicas intuitivas. J\u00e1 atuou em diversas bandas, tendo tamb\u00e9m, seu pr\u00f3prio trabalho musical, denominado ReinAmoR. Viajou por 6 pa\u00edses da Europa levando sua &#8220;m\u00fasica medicina&#8221;, estando em turn\u00ea tamb\u00e9m pelo Chile e Argentina.<\/p>\n<p>Atualmente, faz parte do grupo musical &#8220;Som da Mata&#8221; e com sua pr\u00f3pria forma\u00e7\u00e3o de m\u00fasicas autorais.<\/p>\n<p>Maiores informa\u00e7\u00f5es no Instagram: @andrea_reinamor<\/p>\n<p><iframe title=\"Amanheceu - m\u00fasica de Andr\u00e9a Cathal\u00e1\" width=\"800\" height=\"450\" src=\"https:\/\/www.youtube.com\/embed\/zh0USXqwNhw?feature=oembed\" frameborder=\"0\" allow=\"accelerometer; autoplay; clipboard-write; encrypted-media; gyroscope; picture-in-picture; web-share\" referrerpolicy=\"strict-origin-when-cross-origin\" allowfullscreen><\/iframe><\/p>\n<p>https:\/\/youtu.be\/ATz_TCCjthAQ<\/p>\n<p>https:\/\/youtu.be\/VJ1j74shSgyU<\/p>\n<p id=\"rop\"><small>Originally posted 2022-07-22 05:07:48. <\/small><\/p>","protected":false},"excerpt":{"rendered":"<p>Conhe\u00e7a Andr\u00e9a Cathal\u00e1 e seu &#8220;Cantos de uma Cabocla&#8221;. A Sereia da Mata que fez o p\u00fablico do Aya Festival arrepiar! Andrea Cathal\u00e1 n\u00e3o passa despercebida, com uma voz potente, marcante, afinad\u00edssima, doce e cheia de vigor, a cantora e compositora \u00e9 conhecida como &#8220;Sereia da Mata&#8221;, uma menina cabocla que com sua voz t\u00e3o [&hellip;]<\/p>\n","protected":false},"author":3,"featured_media":1966,"comment_status":"open","ping_status":"open","sticky":false,"template":"","format":"standard","meta":{"footnotes":""},"categories":[13],"tags":[],"class_list":["post-1965","post","type-post","status-publish","format-standard","has-post-thumbnail","hentry","category-cultura"],"_links":{"self":[{"href":"https:\/\/radioiep.com\/site\/wp-json\/wp\/v2\/posts\/1965","targetHints":{"allow":["GET"]}}],"collection":[{"href":"https:\/\/radioiep.com\/site\/wp-json\/wp\/v2\/posts"}],"about":[{"href":"https:\/\/radioiep.com\/site\/wp-json\/wp\/v2\/types\/post"}],"author":[{"embeddable":true,"href":"https:\/\/radioiep.com\/site\/wp-json\/wp\/v2\/users\/3"}],"replies":[{"embeddable":true,"href":"https:\/\/radioiep.com\/site\/wp-json\/wp\/v2\/comments?post=1965"}],"version-history":[{"count":0,"href":"https:\/\/radioiep.com\/site\/wp-json\/wp\/v2\/posts\/1965\/revisions"}],"wp:featuredmedia":[{"embeddable":true,"href":"https:\/\/radioiep.com\/site\/wp-json\/wp\/v2\/media\/1966"}],"wp:attachment":[{"href":"https:\/\/radioiep.com\/site\/wp-json\/wp\/v2\/media?parent=1965"}],"wp:term":[{"taxonomy":"category","embeddable":true,"href":"https:\/\/radioiep.com\/site\/wp-json\/wp\/v2\/categories?post=1965"},{"taxonomy":"post_tag","embeddable":true,"href":"https:\/\/radioiep.com\/site\/wp-json\/wp\/v2\/tags?post=1965"}],"curies":[{"name":"wp","href":"https:\/\/api.w.org\/{rel}","templated":true}]}}