{"id":1961,"date":"2026-04-15T19:27:25","date_gmt":"2026-04-15T19:27:25","guid":{"rendered":"https:\/\/radioiep.com\/?p=1961"},"modified":"2026-04-15T19:27:25","modified_gmt":"2026-04-15T19:27:25","slug":"musica-poesia-nas-periferias","status":"publish","type":"post","link":"https:\/\/radioiep.com\/site\/musica-poesia-nas-periferias\/","title":{"rendered":"M\u00fasica &#038; Poesia Nas Periferias"},"content":{"rendered":"<p><strong>M\u00fasica &amp; Poesia Nas Periferias<\/strong><\/p>\n<p>Na pr\u00f3xima quinta-feira, dia 21 de julho, o projeto M\u00fasica &amp; Poesia Em Harmonia, que teve origem em Roterd\u00e3o-Holanda, atrav\u00e9s do seu CEO CARLOS CARDOSO, ganhar\u00e1 vida nas periferias de S\u00e3o Paulo.<\/p>\n<p>A iniciativa partiu de sua coordenadora Mah Silva, que assim como milhares de jovens, teve sua vida transformada atrav\u00e9s da arte.<\/p>\n<p>O M\u00fasica &amp; Poesia Nas Periferias vem com uma proposta de resgate e interc\u00e2mbio cultural entre jovens escritores, m\u00fasicos e poetas, podendo dessa forma descobrir, apoiar e valorizar o artista &#8220;perif\u00e9rico&#8221;.<\/p>\n<p>Nessa primeira edi\u00e7\u00e3o contaremos com o apoio do amigo e parceiro Phantom que ministra excel\u00eancia um lindo projeto nomeado Oficina de Mcs, e pra completar o time teremos a honra de receber os representantes do grupo RAP IN MISS\u00c3O que vem conquistando o Brasil e mundo. Imperd\u00edvel!<\/p>\n<p id=\"rop\"><small>Originally posted 2022-07-20 05:10:32. <\/small><\/p>","protected":false},"excerpt":{"rendered":"<p>M\u00fasica &amp; Poesia Nas Periferias Na pr\u00f3xima quinta-feira, dia 21 de julho, o projeto M\u00fasica &amp; Poesia Em Harmonia, que teve origem em Roterd\u00e3o-Holanda, atrav\u00e9s do seu CEO CARLOS CARDOSO, ganhar\u00e1 vida nas periferias de S\u00e3o Paulo. A iniciativa partiu de sua coordenadora Mah Silva, que assim como milhares de jovens, teve sua vida transformada [&hellip;]<\/p>\n","protected":false},"author":3,"featured_media":1962,"comment_status":"open","ping_status":"open","sticky":false,"template":"","format":"standard","meta":{"footnotes":""},"categories":[13],"tags":[],"class_list":["post-1961","post","type-post","status-publish","format-standard","has-post-thumbnail","hentry","category-cultura"],"_links":{"self":[{"href":"https:\/\/radioiep.com\/site\/wp-json\/wp\/v2\/posts\/1961","targetHints":{"allow":["GET"]}}],"collection":[{"href":"https:\/\/radioiep.com\/site\/wp-json\/wp\/v2\/posts"}],"about":[{"href":"https:\/\/radioiep.com\/site\/wp-json\/wp\/v2\/types\/post"}],"author":[{"embeddable":true,"href":"https:\/\/radioiep.com\/site\/wp-json\/wp\/v2\/users\/3"}],"replies":[{"embeddable":true,"href":"https:\/\/radioiep.com\/site\/wp-json\/wp\/v2\/comments?post=1961"}],"version-history":[{"count":0,"href":"https:\/\/radioiep.com\/site\/wp-json\/wp\/v2\/posts\/1961\/revisions"}],"wp:featuredmedia":[{"embeddable":true,"href":"https:\/\/radioiep.com\/site\/wp-json\/wp\/v2\/media\/1962"}],"wp:attachment":[{"href":"https:\/\/radioiep.com\/site\/wp-json\/wp\/v2\/media?parent=1961"}],"wp:term":[{"taxonomy":"category","embeddable":true,"href":"https:\/\/radioiep.com\/site\/wp-json\/wp\/v2\/categories?post=1961"},{"taxonomy":"post_tag","embeddable":true,"href":"https:\/\/radioiep.com\/site\/wp-json\/wp\/v2\/tags?post=1961"}],"curies":[{"name":"wp","href":"https:\/\/api.w.org\/{rel}","templated":true}]}}