{"id":1948,"date":"2026-04-15T19:27:21","date_gmt":"2026-04-15T19:27:21","guid":{"rendered":"https:\/\/radioiep.com\/?p=1948"},"modified":"2026-04-15T19:27:21","modified_gmt":"2026-04-15T19:27:21","slug":"o-cantor-naui-colocou-o-publico-do-festival-aya-musica-medicina-para-vibrar-com-suas-musicas-de-elevacao-espiritual-e-amor","status":"publish","type":"post","link":"https:\/\/radioiep.com\/site\/o-cantor-naui-colocou-o-publico-do-festival-aya-musica-medicina-para-vibrar-com-suas-musicas-de-elevacao-espiritual-e-amor\/","title":{"rendered":"O cantor Nau\u00ed colocou o p\u00fablico do &#8220;Festival Aya M\u00fasica Medicina&#8221; para vibrar com suas m\u00fasicas de eleva\u00e7\u00e3o espiritual e amor"},"content":{"rendered":"<p><strong>O cantor Nau\u00ed colocou o p\u00fablico do &#8220;Festival Aya M\u00fasica Medicina&#8221; para vibrar com suas m\u00fasicas de eleva\u00e7\u00e3o espiritual e amor<\/strong>.<\/p>\n<p>O cantor e compositor brasiliense Nau\u00ed se apresentou no \u00faltimo s\u00e1bado (16\/07), no palco &#8220;Chillout&#8221; do Festival Aya de M\u00fasica Medicina, com uma sele\u00e7\u00e3o de m\u00fasicas de alt\u00edssima vibra\u00e7\u00e3o.<\/p>\n<p>Nau\u00ed conseguiu levar sua mensagem de cura, amor e co-cria\u00e7\u00e3o aos adeptos da &#8220;m\u00fasica de Rezo&#8221;, celebrando o som da nova era.<\/p>\n<p>Ecl\u00e9tico por natureza, Nau\u00ed consegue atingir v\u00e1rios p\u00fablicos, incluindo os mais jovens. Suas m\u00fasicas misturam estilos, passeando pelo rap, reggae, rock e ensinamentos da medicina.<\/p>\n<p>Quem estava na pista dan\u00e7ou, cantou e elevou a vibra\u00e7\u00e3o, em um dos momentos mais lindos e marcantes do evento.<\/p>\n<p>Nau\u00ed tem uma extensa trajet\u00f3ria art\u00edstica ligada as batalhas de Mcs, j\u00e1 participou de diversos eventos grandiosos como: o &#8220;Duelo Nacional de Batalhas&#8221; e &#8220;Batalha da Aldeia&#8221; no qual foi campe\u00e3o da edi\u00e7\u00e3o especial de anivers\u00e1rio de 4 anos.<\/p>\n<p>Um dos &#8220;destaques&#8221; na sua apresenta\u00e7\u00e3o foi a execu\u00e7\u00e3o das suas m\u00fasicas: &#8220;Dom da Vida&#8221; que festeja boa aceita\u00e7\u00e3o do p\u00fablico e &#8220;Pensamento Cria&#8221;, can\u00e7\u00e3o que deu o &#8220;ponta p\u00e9&#8221; para a cria\u00e7\u00e3o de seu mais recente \u00e1lbum, o &#8220;Universal\u00edrica&#8221;.<\/p>\n<p>Universal\u00edrica possui 16 faixas e tem participa\u00e7\u00f5es especiais de Fabio Brazza, Ellen Ol\u00e9ria e Marina Peralta.<\/p>\n<p>Toda sua obra est\u00e1 dispon\u00edvel nas plataformas digitais.<\/p>\n<p>Maiores informa\u00e7\u00f5es no Instagram: @nauioficial<\/p>\n<p>Spotify:<\/p>\n<p><iframe title=\"Spotify Embed: Universal\u00edrica\" style=\"border-radius: 12px\" width=\"100%\" height=\"352\" frameborder=\"0\" allowfullscreen allow=\"autoplay; clipboard-write; encrypted-media; fullscreen; picture-in-picture\" loading=\"lazy\" src=\"https:\/\/open.spotify.com\/embed\/album\/6syXmj2EvpDVtoKkZaQpcf?si=uIaifKc1Rjy0uuRndk1ipA&amp;utm_source=oembed\"><\/iframe><\/p>\n<p>YouTube:<\/p>\n<p>https:\/\/youtube.com\/playlist?list=PjLTw-u3cUmtWYkAhfc-2EwTo54-198ZtvQoQL<\/p>\n<p id=\"rop\"><small>Originally posted 2022-07-19 18:47:23. <\/small><\/p>","protected":false},"excerpt":{"rendered":"<p>O cantor Nau\u00ed colocou o p\u00fablico do &#8220;Festival Aya M\u00fasica Medicina&#8221; para vibrar com suas m\u00fasicas de eleva\u00e7\u00e3o espiritual e amor. O cantor e compositor brasiliense Nau\u00ed se apresentou no \u00faltimo s\u00e1bado (16\/07), no palco &#8220;Chillout&#8221; do Festival Aya de M\u00fasica Medicina, com uma sele\u00e7\u00e3o de m\u00fasicas de alt\u00edssima vibra\u00e7\u00e3o. Nau\u00ed conseguiu levar sua mensagem [&hellip;]<\/p>\n","protected":false},"author":3,"featured_media":1949,"comment_status":"open","ping_status":"open","sticky":false,"template":"","format":"standard","meta":{"footnotes":""},"categories":[13],"tags":[],"class_list":["post-1948","post","type-post","status-publish","format-standard","has-post-thumbnail","hentry","category-cultura"],"_links":{"self":[{"href":"https:\/\/radioiep.com\/site\/wp-json\/wp\/v2\/posts\/1948","targetHints":{"allow":["GET"]}}],"collection":[{"href":"https:\/\/radioiep.com\/site\/wp-json\/wp\/v2\/posts"}],"about":[{"href":"https:\/\/radioiep.com\/site\/wp-json\/wp\/v2\/types\/post"}],"author":[{"embeddable":true,"href":"https:\/\/radioiep.com\/site\/wp-json\/wp\/v2\/users\/3"}],"replies":[{"embeddable":true,"href":"https:\/\/radioiep.com\/site\/wp-json\/wp\/v2\/comments?post=1948"}],"version-history":[{"count":0,"href":"https:\/\/radioiep.com\/site\/wp-json\/wp\/v2\/posts\/1948\/revisions"}],"wp:featuredmedia":[{"embeddable":true,"href":"https:\/\/radioiep.com\/site\/wp-json\/wp\/v2\/media\/1949"}],"wp:attachment":[{"href":"https:\/\/radioiep.com\/site\/wp-json\/wp\/v2\/media?parent=1948"}],"wp:term":[{"taxonomy":"category","embeddable":true,"href":"https:\/\/radioiep.com\/site\/wp-json\/wp\/v2\/categories?post=1948"},{"taxonomy":"post_tag","embeddable":true,"href":"https:\/\/radioiep.com\/site\/wp-json\/wp\/v2\/tags?post=1948"}],"curies":[{"name":"wp","href":"https:\/\/api.w.org\/{rel}","templated":true}]}}