{"id":1699,"date":"2026-03-02T13:53:59","date_gmt":"2026-03-02T13:53:59","guid":{"rendered":"https:\/\/radioiep.com\/?p=1699"},"modified":"2026-03-02T13:53:59","modified_gmt":"2026-03-02T13:53:59","slug":"conheca-o-trabalho-da-neuropsicopedagoga-claudia-abdo","status":"publish","type":"post","link":"https:\/\/radioiep.com\/site\/conheca-o-trabalho-da-neuropsicopedagoga-claudia-abdo\/","title":{"rendered":"Conhe\u00e7a o trabalho da Neuropsicopedagoga Cl\u00e1udia Abdo."},"content":{"rendered":"<p><strong>Conhe\u00e7a o trabalho da Neuropsicopedagoga Cl\u00e1udia Abdo.<\/strong><\/p>\n<p>Conhe\u00e7a e compartilhe o v\u00eddeo da Neuropsicopedagoga Cl\u00e1udia Abdo referente ao seu trabalho com Interven\u00e7\u00f5es, tratamentos e informa\u00e7\u00f5es voltadas para pacientes com TEA, TDAH, DI para adultos, jovens e crian\u00e7as que necessitam desses acompanhamentos.<\/p>\n<p>Link do v\u00eddeo:<br \/>\n<iframe title=\"NEURO CLAUDIA ABDO - INTERVEN\u00c7\u00d5ES TRATAMENTOS E INFORMA\u00c7\u00d5ES\" width=\"800\" height=\"450\" src=\"https:\/\/www.youtube.com\/embed\/uf6gc8NqnIA?feature=oembed\" frameborder=\"0\" allow=\"accelerometer; autoplay; clipboard-write; encrypted-media; gyroscope; picture-in-picture; web-share\" referrerpolicy=\"strict-origin-when-cross-origin\" allowfullscreen><\/iframe><\/p>\n<p>O Transtorno do Espectro Autista \u2014 TEA \u00e9 um transtorno do neurodesenvolvimento que afeta as habilidades de linguagem, comportamento, intera\u00e7\u00f5es sociais e a aprendizagem.<\/p>\n<p>J\u00e1 o TDAH afeta a maneira como o c\u00e9rebro se desenvolve.<\/p>\n<p>O diagn\u00f3stico correto \u00e9 fundamental para que as crian\u00e7as recebam o tratamento adequado.<\/p>\n<p>Dra Cl\u00e1udia \u00e9 al\u00e9m de Neuropsicopedagoga tamb\u00e9m Pedagoga, Especialista em TEA, Terapeuta Cognitivo Comportamental, Geront\u00f3loga e Professora do Idioma Ingl\u00eas.<\/p>\n<p>Seu trabalho est\u00e1 sendo importante elevando as condi\u00e7\u00f5es de v\u00e1rios pacientes e ajudando pais e m\u00e3es no dia a dia com jovens e crian\u00e7as menores.<\/p>\n<p>Vale a pena e conhecer e se inscrever no canal Youtube NEURO E VOC\u00ca pelo link:<br \/>\nhttps:\/\/youtube.com\/c\/NEUROEVOCE.<\/p>\n<p><strong>R\u00e1dio Internacional em Portugu\u00eas.<\/strong><\/p>\n<p id=\"rop\"><small>Originally posted 2022-05-28 16:45:39. <\/small><\/p>","protected":false},"excerpt":{"rendered":"<p>Conhe\u00e7a o trabalho da Neuropsicopedagoga Cl\u00e1udia Abdo. Conhe\u00e7a e compartilhe o v\u00eddeo da Neuropsicopedagoga Cl\u00e1udia Abdo referente ao seu trabalho com Interven\u00e7\u00f5es, tratamentos e informa\u00e7\u00f5es voltadas para pacientes com TEA, TDAH, DI para adultos, jovens e crian\u00e7as que necessitam desses acompanhamentos. Link do v\u00eddeo: O Transtorno do Espectro Autista \u2014 TEA \u00e9 um transtorno do [&hellip;]<\/p>\n","protected":false},"author":3,"featured_media":1694,"comment_status":"open","ping_status":"open","sticky":false,"template":"","format":"standard","meta":{"footnotes":""},"categories":[9],"tags":[],"class_list":["post-1699","post","type-post","status-publish","format-standard","has-post-thumbnail","hentry","category-artigos"],"_links":{"self":[{"href":"https:\/\/radioiep.com\/site\/wp-json\/wp\/v2\/posts\/1699","targetHints":{"allow":["GET"]}}],"collection":[{"href":"https:\/\/radioiep.com\/site\/wp-json\/wp\/v2\/posts"}],"about":[{"href":"https:\/\/radioiep.com\/site\/wp-json\/wp\/v2\/types\/post"}],"author":[{"embeddable":true,"href":"https:\/\/radioiep.com\/site\/wp-json\/wp\/v2\/users\/3"}],"replies":[{"embeddable":true,"href":"https:\/\/radioiep.com\/site\/wp-json\/wp\/v2\/comments?post=1699"}],"version-history":[{"count":0,"href":"https:\/\/radioiep.com\/site\/wp-json\/wp\/v2\/posts\/1699\/revisions"}],"wp:featuredmedia":[{"embeddable":true,"href":"https:\/\/radioiep.com\/site\/wp-json\/wp\/v2\/media\/1694"}],"wp:attachment":[{"href":"https:\/\/radioiep.com\/site\/wp-json\/wp\/v2\/media?parent=1699"}],"wp:term":[{"taxonomy":"category","embeddable":true,"href":"https:\/\/radioiep.com\/site\/wp-json\/wp\/v2\/categories?post=1699"},{"taxonomy":"post_tag","embeddable":true,"href":"https:\/\/radioiep.com\/site\/wp-json\/wp\/v2\/tags?post=1699"}],"curies":[{"name":"wp","href":"https:\/\/api.w.org\/{rel}","templated":true}]}}