{"id":1543,"date":"2026-03-02T13:53:35","date_gmt":"2026-03-02T13:53:35","guid":{"rendered":"https:\/\/radioiep.com\/?p=1543"},"modified":"2026-03-02T13:53:35","modified_gmt":"2026-03-02T13:53:35","slug":"cantora-santamarense-danny-assis-vem-com-tudo-com-seu-arrocha-repaginado-vem-ver","status":"publish","type":"post","link":"https:\/\/radioiep.com\/site\/cantora-santamarense-danny-assis-vem-com-tudo-com-seu-arrocha-repaginado-vem-ver\/","title":{"rendered":"Cantora Santamarense Danny Assis vem com tudo com seu Arrocha repaginado. Vem ver!"},"content":{"rendered":"<p><strong>Cantora Santamarense Danny Assis vem com tudo com seu Arrocha repaginado. Vem ver!<\/strong><\/p>\n<p>Danny Assis cresceu nas rodas de samba das festas populares de Santo Amaro, \u00e9 sobrinha do poeta Jorge Portugal, considerado o mestre das poesias dos \u201csambas chulas\u201d do Brasil.<\/p>\n<p>Ainda adolescente foi baliza de uma banda marcial, e foi a\u00ed que come\u00e7ou sua trajet\u00f3ria art\u00edstica, quando o maestro percebeu sua voz l\u00edmpida e potente.<\/p>\n<p>Danny come\u00e7ou a cantar fazendo shows em barzinhos da cidade com repert\u00f3rio baseado nos cl\u00e1ssicos da MPB. Numa terra dominada pelo som dos trios el\u00e9tricos, n\u00e3o demorou a surgir os convites para tocar em grupos de ax\u00e9.<\/p>\n<p>Teve passagem pelas bandas: Canal 27, Trilhos Urbanos, Banda 15, Banda Percussiva Aladara, na qual fez v\u00e1rias apresenta\u00e7\u00f5es com o Olodum, e na banda de Forr\u00f3 Macaxeira do Piqui, na cidade Trindade, em Pernambuco.<\/p>\n<p>No final dos anos 90, deu-se in\u00edcio ao fen\u00f4meno musical, \u201cO Arrocha.\u201d Danny transformou-se rapidamente em uma das maiores representante do ritmo em toda regi\u00e3o do Rec\u00f4ncavo. Inegavelmente o Arrocha proporcionou a Danny a oportunidade de apresentar-se para grandes multid\u00f5es em eventos importantes.<\/p>\n<p>Na consagrada Festa da Purifica\u00e7\u00e3o, Danny sempre cantou no palco principal, aonde nomes como: Banda Calypso, F\u00e1bio J\u00fanior, Saia Rodada, Joana, Ra\u00e7a Negra, entre tantos outros se apresentavam. Contudo, preservava suas ra\u00edzes culturais, cantando &#8220;samba de Caboclo&#8221;, desde crian\u00e7a nos caruru de Yans\u00e3, no quintal da casa de sua av\u00f3.<\/p>\n<p>Mesmo fazendo sucesso e tendo um p\u00fablico fiel, Danny Assis sentia um desejo de entrar no mundo do samba por causa das suas origens, onde tamb\u00e9m houve uma proje\u00e7\u00e3o com v\u00e1rias apresenta\u00e7\u00f5es, a exemplo do projeto &#8220;Espicha Ver\u00e3o&#8221; e Mani\u00e7oba Hype de Robertinho Chaves fundador da Lavagem de Paris, entre outros.<\/p>\n<p>Gravou um CD com dire\u00e7\u00e3o musical do Maestro Gerson Silva. Em Santo Amaro, gravou o \u201cShow Mandinga de Amor\u201d no Teatro Dona Can\u00f4, com renomados compositores como: Chico Porto, M\u00e1rcio Valverde eJorge Portugal, para grava\u00e7\u00e3o de um CD e DVD, onde teve a participa\u00e7\u00e3o de Stella Maris, Nicinha do Samba e os irm\u00e3os Jo\u00e3o do Boi e Alum\u00ednio do Samba Chula de S\u00e3o Braz.<\/p>\n<p>Danny participou da tradicional Lavagem do Bonfim e do Carnaval de Salvador, com grandes artistas, chegando a ser uma das convidadas da consagrada Lavage da Madeleine, em Paris-Fran\u00e7a.<\/p>\n<p>Danny passa a realizar um trabalho gospel, onde fez participa\u00e7\u00e3o com o cantor Irm\u00e3o L\u00e1zaro, dentre outros. \u201cGravou o CD \u201cO SEGREDO \u00c9 ADORAR\u201d, uma passagem r\u00e1pida, mas muito significativa.<\/p>\n<p>Nesse per\u00edodo recebeu uma proposta da produ\u00e7\u00e3o da Banda Avi\u00f5es do Forr\u00f3, para assumir a nova voz feminina do grupo, com a sa\u00edda da cantora Solange, e por motivos pessoais, recusou o convite.<\/p>\n<p>Assim, com o Arrocha pulsando em seu sangue, Danny vem com uma nova roupagem, mantendo a c\u00e9lula: \u201cO AMOR\u201d, com o romantismo e a semelhan\u00e7a do Sertanejo e do Forr\u00f3.<\/p>\n<p>Danny conseguiu agradar todo tipo de p\u00fablico, definindo um novo cen\u00e1rio, com novos elementos r\u00edtmicos, arrastando multid\u00f5es por onde passa, com seu Arrocha repaginado, mas expressando os mesmos sentimentos.<\/p>\n<p><strong><em>Pela R\u00e1dio Internacional em Portugu\u00eas.<\/em><\/strong><\/p>\n<p id=\"rop\"><small>Originally posted 2022-05-02 23:04:33. <\/small><\/p>","protected":false},"excerpt":{"rendered":"<p>Cantora Santamarense Danny Assis vem com tudo com seu Arrocha repaginado. Vem ver! Danny Assis cresceu nas rodas de samba das festas populares de Santo Amaro, \u00e9 sobrinha do poeta Jorge Portugal, considerado o mestre das poesias dos \u201csambas chulas\u201d do Brasil. Ainda adolescente foi baliza de uma banda marcial, e foi a\u00ed que come\u00e7ou [&hellip;]<\/p>\n","protected":false},"author":3,"featured_media":1546,"comment_status":"open","ping_status":"open","sticky":false,"template":"","format":"standard","meta":{"footnotes":""},"categories":[9],"tags":[],"class_list":["post-1543","post","type-post","status-publish","format-standard","has-post-thumbnail","hentry","category-artigos"],"_links":{"self":[{"href":"https:\/\/radioiep.com\/site\/wp-json\/wp\/v2\/posts\/1543","targetHints":{"allow":["GET"]}}],"collection":[{"href":"https:\/\/radioiep.com\/site\/wp-json\/wp\/v2\/posts"}],"about":[{"href":"https:\/\/radioiep.com\/site\/wp-json\/wp\/v2\/types\/post"}],"author":[{"embeddable":true,"href":"https:\/\/radioiep.com\/site\/wp-json\/wp\/v2\/users\/3"}],"replies":[{"embeddable":true,"href":"https:\/\/radioiep.com\/site\/wp-json\/wp\/v2\/comments?post=1543"}],"version-history":[{"count":0,"href":"https:\/\/radioiep.com\/site\/wp-json\/wp\/v2\/posts\/1543\/revisions"}],"wp:featuredmedia":[{"embeddable":true,"href":"https:\/\/radioiep.com\/site\/wp-json\/wp\/v2\/media\/1546"}],"wp:attachment":[{"href":"https:\/\/radioiep.com\/site\/wp-json\/wp\/v2\/media?parent=1543"}],"wp:term":[{"taxonomy":"category","embeddable":true,"href":"https:\/\/radioiep.com\/site\/wp-json\/wp\/v2\/categories?post=1543"},{"taxonomy":"post_tag","embeddable":true,"href":"https:\/\/radioiep.com\/site\/wp-json\/wp\/v2\/tags?post=1543"}],"curies":[{"name":"wp","href":"https:\/\/api.w.org\/{rel}","templated":true}]}}