{"id":1141,"date":"2026-02-18T23:24:08","date_gmt":"2026-02-18T23:24:08","guid":{"rendered":"https:\/\/radioiep.com\/?p=1141"},"modified":"2026-02-18T23:24:08","modified_gmt":"2026-02-18T23:24:08","slug":"xenofobia-no-brasil-tem-cor-religiao-e-nacionalidade-especificas","status":"publish","type":"post","link":"https:\/\/radioiep.com\/site\/xenofobia-no-brasil-tem-cor-religiao-e-nacionalidade-especificas\/","title":{"rendered":"XENOFOBIA NO BRASIL TEM COR, RELIGI\u00c3O E NACIONALIDADE ESPEC\u00cdFICAS?"},"content":{"rendered":"<p><strong>XENOFOBIA NO BRASIL TEM COR, RELIGI\u00c3O E NACIONALIDADE ESPEC\u00cdFICAS?<\/strong><\/p>\n<p><img decoding=\"async\" class=\"aligncenter size-medium wp-image-1142\" src=\"http:\/\/radioiep.com\/wp-content\/uploads\/2022\/02\/WhatsApp-Image-2022-02-05-at-21.47.39-300x150.jpeg\" alt=\"\" width=\"300\" height=\"150\" srcset=\"https:\/\/radioiep.com\/site\/wp-content\/uploads\/2022\/02\/WhatsApp-Image-2022-02-05-at-21.47.39-300x150.jpeg 300w, https:\/\/radioiep.com\/site\/wp-content\/uploads\/2022\/02\/WhatsApp-Image-2022-02-05-at-21.47.39.jpeg 640w\" sizes=\"(max-width: 300px) 100vw, 300px\" \/><br \/>\nA xenofobia afeta a maior parte de grupos migrantes, mas ainda assim se deve destacar a exist\u00eancia de uma quest\u00e3o de interseccionalidade. N\u00e3o se pode considerar que todos os grupos enfrentam a xenofobia do mesmo modo. Diferentes fatores devem ser levados em considera\u00e7\u00e3o ao analisar a xenofobia contra determinado grupo, j\u00e1 que caracter\u00edsticas como origem geogr\u00e1fica, cultura, g\u00eanero, cor, etnia, classe social e religi\u00e3o afetam a recep\u00e7\u00e3o desses estrangeiros nos pa\u00edses de destino. Um exemplo \u00e9 o estere\u00f3tipo gerado a partir da confus\u00e3o entre islamismo e terrorismo.<br \/>\nJ\u00e1 no Brasil, h\u00e1 uma longa tradi\u00e7\u00e3o de orgulho e festejo dos imigrantes europeus \u2013 a Oktoberfest, realizada anualmente em Blumenau (SC), n\u00e3o apenas \u00e9 a maior festa alem\u00e3 das Am\u00e9ricas como tamb\u00e9m \u00e9 um exemplo pr\u00e1tico disso. Em contrapartida, migrantes africanos, haitianos ou venezuelanos, por exemplo, s\u00e3o muitas vezes recebidos de maneira oposta. As diferen\u00e7as no tratamento est\u00e3o diretamente ligadas ao racismo presente no pa\u00eds.<\/p>\n<p><img fetchpriority=\"high\" decoding=\"async\" class=\"aligncenter size-medium wp-image-1144\" src=\"http:\/\/radioiep.com\/wp-content\/uploads\/2022\/02\/WhatsApp-Image-2022-02-05-at-21.47.41-300x200.jpeg\" alt=\"\" width=\"300\" height=\"200\" srcset=\"https:\/\/radioiep.com\/site\/wp-content\/uploads\/2022\/02\/WhatsApp-Image-2022-02-05-at-21.47.41-300x200.jpeg 300w, https:\/\/radioiep.com\/site\/wp-content\/uploads\/2022\/02\/WhatsApp-Image-2022-02-05-at-21.47.41.jpeg 600w\" sizes=\"(max-width: 300px) 100vw, 300px\" \/><\/p>\n<p>Voc\u00ea j\u00e1 se questionou sobre a exist\u00eancia da xenofobia no Brasil? A palavra \u201cxenofobia\u201d foi popularizada h\u00e1 poucos anos, mas \u00e9 uma realidade antiga no mundo inteiro e no nosso pa\u00eds isso n\u00e3o \u00e9 diferente. O Estado brasileiro \u00e9 um importante receptor de imigrantes, sendo o terceiro pa\u00eds da Am\u00e9rica do Sul que mais atrai pessoas de outras nacionalidades. Mas ser\u00e1 que os estrangeiros s\u00e3o bem recebidos aqui? \u00c9 isso que o Politize! vai analisar neste texto.<\/p>\n<p><img decoding=\"async\" class=\"aligncenter size-medium wp-image-1143\" src=\"http:\/\/radioiep.com\/wp-content\/uploads\/2022\/02\/WhatsApp-Image-2022-02-05-at-21.47.41-1-300x195.jpeg\" alt=\"\" width=\"300\" height=\"195\" srcset=\"https:\/\/radioiep.com\/site\/wp-content\/uploads\/2022\/02\/WhatsApp-Image-2022-02-05-at-21.47.41-1-300x195.jpeg 300w, https:\/\/radioiep.com\/site\/wp-content\/uploads\/2022\/02\/WhatsApp-Image-2022-02-05-at-21.47.41-1.jpeg 390w\" sizes=\"(max-width: 300px) 100vw, 300px\" \/><br \/>\nESPERA A\u00cd, O QUE \u00c9 XENOFOBIA?<br \/>\nO Alto Comissariado das Na\u00e7\u00f5es Unidas para Refugiados (ACNUR) define xenofobia como:<br \/>\n\u201cAtitudes, preconceitos e comportamentos que rejeitam, excluem e frequentemente difamam pessoas, com base na percep\u00e7\u00e3o de que eles s\u00e3o estranhos ou estrangeiros \u00e0 comunidade, sociedade ou identidade nacional\u201d.<br \/>\nA partir dessa defini\u00e7\u00e3o, entende-se qualquer forma de viol\u00eancia baseada nas diferen\u00e7as de origens geogr\u00e1fica, lingu\u00edstica ou \u00e9tnica de uma pessoa como xenofobia. Em resumo, a xenofobia \u00e9 o medo ou \u00f3dio por estrangeiros ou estranhos, e est\u00e1 vinculada a atitudes e comportamentos discriminat\u00f3rios, frequentemente culminando em diversos tipos de viol\u00eancia.<br \/>\nCOMO A XENOFOBIA NO BRASIL SE MANIFESTA?<br \/>\nEm janeiro de 2018, a Secretaria Especial de Direitos Humanos apresentou um relat\u00f3rio com dados sobre as den\u00fancias de viola\u00e7\u00f5es de direitos humanos realizadas em 2015. Com esse levantamento, constatou-se que houve um crescimento de 633% das den\u00fancias de xenofobia no Brasil em compara\u00e7\u00e3o com 2014. A regularidade com que casos de comportamentos xen\u00f3fobos s\u00e3o noticiados refor\u00e7am tais n\u00fameros. Em julho de 2018, por exemplo, passou a circular na internet um v\u00eddeo que mostra um refugiado s\u00edrio sendo agredido pela Guarda Civil Metropolitana de S\u00e3o Paulo.<br \/>\nAl\u00e9m disso, a procuradora-geral Raquel Dodge afirmou que o Minist\u00e9rio P\u00fablico recebeu not\u00edcias de a\u00e7\u00f5es graves realizadas em Roraima contra imigrantes venezuelanos. Tratavam-se de \u201ccasos de xenofobia, trabalho escravo, tr\u00e1fico de pessoas e de impedimento de acesso aos servi\u00e7os p\u00fablicos\u201d. A pol\u00edcia local tamb\u00e9m investiga se inc\u00eandios em casas onde venezuelanos est\u00e3o foram intencionais, conforme a den\u00fancia das v\u00edtimas e como sugerem as imagens de uma c\u00e2mera de seguran\u00e7a que filmou um dos ocorridos.<br \/>\nMas a xenofobia no Brasil j\u00e1 \u00e9 divulgada h\u00e1 tempos. Por volta de 2014, quando o fluxo migrat\u00f3rio de haitianos era intenso, v\u00e1rias den\u00fancias vieram \u00e0 tona. Em entrevista ao portal Terra, dois imigrantes relataram casos espec\u00edficos em que foram v\u00edtima de preconceitos. Os jovens haitianos, que n\u00e3o quiseram se identificar, afirmaram que era comum pessoas os chamarem de \u201cgays\u201d, a fim de ofend\u00ea-los. Outros termos tamb\u00e9m s\u00e3o comumente usados, como \u201cmacaco\u201d. Um deles mencionou uma situa\u00e7\u00e3o em que um grupo de crian\u00e7as, por conta de sua pele escura, perguntou se ele n\u00e3o tinha sabonete.<br \/>\nUma pesquisa publicada em 2016 pelo programa Cidade e Alteridade da Universidade Federal de Minas Gerais (UFMG) reafirma isso. Ao entrevistar haitianos residentes na regi\u00e3o metropolitana de Belo Horizonte, descobriu-se que 60% dos homens haitianos entrevistados sofrem de xenofobia e outros tipos de preconceito no local de trabalho. Em rela\u00e7\u00e3o \u00e0s mulheres entrevistadas, esse n\u00famero atinge os 100%.<br \/>\nDen\u00fancias de trabalho escravo<br \/>\nDen\u00fancias de escravid\u00e3o moderna n\u00e3o s\u00e3o t\u00e3o incomuns no pa\u00eds. A ONG Walk Free estimou que, em 2016, cerca de 161 mil pessoas trabalhavam em condi\u00e7\u00f5es an\u00e1logas \u00e0 escravid\u00e3o. Esse n\u00famero colocou o Brasil em 33\u00ba lugar, dentre 198 posi\u00e7\u00f5es, no ranking de Estados que mais praticam trabalho escravo.<br \/>\nAguns imigrantes est\u00e3o mais vulner\u00e1veis a esse tipo de abuso. Existem pessoas e empresas que se aproveitam da dificuldade que alguns estrangeiros t\u00eam de arranjar emprego e do fato de que essas pessoas n\u00e3o conhecem muito sobre a lei trabalhista nacional. No caso dos migrantes, as principais v\u00edtimas tendem a ser aqueles vindos de pa\u00edses mais pobre, de maioria populacional n\u00e3o-branca.<br \/>\nEm janeiro de 2018, um grupo de dez imigrantes haitianos denunciou uma empresa de Caxias do Sul (RS) por m\u00e1s condi\u00e7\u00f5es de trabalho. A Pol\u00edcia Federal e o Minist\u00e9rio P\u00fablico do Trabalho foram acionados para investigar o caso. Vanius Corte, auditor fiscal do Minist\u00e9rio do Trabalho, afirmou que o \u201ccorte de luz, de \u00e1gua, de comunica\u00e7\u00e3o com os familiares, as agress\u00f5es e amea\u00e7as por parte do supervisor dessa empresa \u00e9 de gravidade extrema\u201d. A foto a seguir registrou as condi\u00e7\u00f5es no alojamento em que moravam os imigrantes:<\/p>\n<p>POR QUE BRASILEIROS S\u00c3O XEN\u00d3FOBOS?<br \/>\nV\u00e1rias s\u00e3o as causas da xenofobia. Sentimentos de superioridade e orgulho extremo sobre a identidade nacional s\u00e3o os principais motivos de \u00f3dio a estrangeiros na Europa.<br \/>\nAmea\u00e7a econ\u00f4mica<br \/>\nUm ponto, tamb\u00e9m essencial para o entendimento da xenofobia no Brasil, refere-se ao sentimento de que imigrantes apresentam uma amea\u00e7a ao sucesso econ\u00f4mico do cidad\u00e3o, como na ideia de que os migrantes tomariam vagas de trabalho.<br \/>\nTal vis\u00e3o tende a ser amplificada em per\u00edodos de crise econ\u00f4mica, quando o desemprego aumenta e h\u00e1 uma maior concorr\u00eancia pelos postos de trabalho oferecidos. Em geral, se a atividade realizada pelos imigrantes se limita \u00e0quela que a popula\u00e7\u00e3o local n\u00e3o quer realizar, sua presen\u00e7a \u00e9 mais aceita.<br \/>\nXenofobia \u00e9 crime<br \/>\nQuando a xenofobia no Brasil toma forma de agress\u00e3o, ela \u00e9 considerada crime. Isso foi definido pela Lei n\u00ba 7.716, de janeiro de 1989, que em seu artigo 1\u00ba garante que \u201cser\u00e3o punidos, na forma desta Lei, os crimes resultantes de discrimina\u00e7\u00e3o ou preconceito de ra\u00e7a, cor, etnia, religi\u00e3o ou proced\u00eancia nacional\u201d. J\u00e1 as ofensas verbais direcionadas a imigrantes podem ser caracterizadas como crime de inj\u00faria.<br \/>\nAssim, \u00e9 importante relatar os casos de xenofobia no Brasil. As den\u00fancias desses epis\u00f3dios devem ser feitas como as de outros crimes: por meio de um Boletim de Ocorr\u00eancia. Al\u00e9m disso, o Disque 100 \u00e9 uma plataforma por meio da qual as pessoas podem denunciar diversas viola\u00e7\u00f5es de direitos humanos, inclusive a xenofobia<br \/>\nPOL\u00cdTICAS P\u00daBLICAS NO COMBATE \u00c0 XENOFOBIA NO BRASIL<br \/>\nClaro que apenas aprovar tais leis no papel n\u00e3o \u00e9 o suficiente, \u00e9 preciso garantir que isso vire realidade. Apesar de a Lei da Migra\u00e7\u00e3o prever a cria\u00e7\u00e3o de um \u00f3rg\u00e3o especializado no atendimento aos migrantes e refugiados, com enfoque na regulamenta\u00e7\u00e3o dessas pessoas, o Brasil segue sendo um dos poucos pa\u00edses sem tal servi\u00e7o especializado. Isso gera consequ\u00eancias na integra\u00e7\u00e3o dos imigrantes \u00e0 sociedade brasileira, os quais acabam tornando-se ainda mais vulner\u00e1veis e invisibilizados.<br \/>\nEnquanto esse \u00f3rg\u00e3o n\u00e3o sai do papel, outras iniciativas buscam combater a xenofobia do Brasil. Uma delas s\u00e3o os Centros de Refer\u00eancia e Atendimento para Imigrantes (CRAIs), que buscam auxiliar aqueles que chegam ao Brasil a regularizarem-se, conseguirem emprego e tamb\u00e9m atendimentos em hospitais, delegacias e escolas. Entretanto, s\u00f3 existem dois CRAIs no Brasil todo: em Florian\u00f3polis e em S\u00e3o Paulo.<br \/>\nOutra estrat\u00e9gia do governo para lidar com o fluxo migrat\u00f3rio atual \u00e9 a de interioriza\u00e7\u00e3o dos venezuelanos que chegam a Roraima. A proposta do governo Temer visa distribuir tais imigrantes pelo pa\u00eds e, assim, aliviar o sistema de servi\u00e7os p\u00fablicos de Roraima. Deve-se ressaltar que a crise migrat\u00f3ria da qual tanto se fala diz respeito ao estado de Roraima. Isso porque o n\u00famero de venezuelanos que chegam ao pa\u00eds \u00e9 relativamente pequeno comparado ao tamanho do territ\u00f3rio brasileiro, que tem capacidade de absorver tais pessoas.<\/p>\n<p>A vida humana \u00e9 preciosa demais ! Todo ser humano carrega em si a imagem e semelhan\u00e7a de Deus. Nossa miss\u00e3o na vida \u00e9 amar, acolher, amparar, receber e ajudar a quem precisa a recome\u00e7ar. Somos todos seres humanos, n\u00e3o importa a ra\u00e7a, origem, religi\u00e3o.<br \/>\n#justicamoise<\/p>\n<p>Pauta Sugerida para as Manifesta\u00e7\u00f5es de S\u00e1bado 5\/2\/22 no Rio, e em Sampa e outras capitais, sobre assassinato de Mo\u00efse.<\/p>\n<p>Todos Contra a Viol\u00eancia<\/p>\n<p>Abdulbaset jarour<br \/>\nAtivista pela causa migrat\u00f3ria.<\/p>\n<p>#direito #justi\u00e7a #justica #justi\u00e7adotrabalho #justi\u00e7asocial #concurso #brasil #advocacia #direitodotrabalho #advogado #concursopublico #stf #justicadotrabalho #oab #justi\u00e7atrabalhista #justi\u00e7amilitar #justi\u00e7aeleitoral #ligadajusti\u00e7a #justi\u00e7afederal #stm #advogada #justicafederal #justi\u00e7adedeus #trt #magistratura #justi\u00e7adivina #trabalho #justi\u00e7aj\u00e1 #policiamilitar #justi\u00e7asocial<\/p>\n<p id=\"rop\"><small>Originally posted 2022-02-05 22:34:15. <\/small><\/p>","protected":false},"excerpt":{"rendered":"<p>XENOFOBIA NO BRASIL TEM COR, RELIGI\u00c3O E NACIONALIDADE ESPEC\u00cdFICAS? A xenofobia afeta a maior parte de grupos migrantes, mas ainda assim se deve destacar a exist\u00eancia de uma quest\u00e3o de interseccionalidade. N\u00e3o se pode considerar que todos os grupos enfrentam a xenofobia do mesmo modo. Diferentes fatores devem ser levados em considera\u00e7\u00e3o ao analisar a [&hellip;]<\/p>\n","protected":false},"author":3,"featured_media":1144,"comment_status":"open","ping_status":"open","sticky":false,"template":"","format":"standard","meta":{"footnotes":""},"categories":[9],"tags":[],"class_list":["post-1141","post","type-post","status-publish","format-standard","has-post-thumbnail","hentry","category-artigos"],"_links":{"self":[{"href":"https:\/\/radioiep.com\/site\/wp-json\/wp\/v2\/posts\/1141","targetHints":{"allow":["GET"]}}],"collection":[{"href":"https:\/\/radioiep.com\/site\/wp-json\/wp\/v2\/posts"}],"about":[{"href":"https:\/\/radioiep.com\/site\/wp-json\/wp\/v2\/types\/post"}],"author":[{"embeddable":true,"href":"https:\/\/radioiep.com\/site\/wp-json\/wp\/v2\/users\/3"}],"replies":[{"embeddable":true,"href":"https:\/\/radioiep.com\/site\/wp-json\/wp\/v2\/comments?post=1141"}],"version-history":[{"count":1,"href":"https:\/\/radioiep.com\/site\/wp-json\/wp\/v2\/posts\/1141\/revisions"}],"predecessor-version":[{"id":3600,"href":"https:\/\/radioiep.com\/site\/wp-json\/wp\/v2\/posts\/1141\/revisions\/3600"}],"wp:featuredmedia":[{"embeddable":true,"href":"https:\/\/radioiep.com\/site\/wp-json\/wp\/v2\/media\/1144"}],"wp:attachment":[{"href":"https:\/\/radioiep.com\/site\/wp-json\/wp\/v2\/media?parent=1141"}],"wp:term":[{"taxonomy":"category","embeddable":true,"href":"https:\/\/radioiep.com\/site\/wp-json\/wp\/v2\/categories?post=1141"},{"taxonomy":"post_tag","embeddable":true,"href":"https:\/\/radioiep.com\/site\/wp-json\/wp\/v2\/tags?post=1141"}],"curies":[{"name":"wp","href":"https:\/\/api.w.org\/{rel}","templated":true}]}}