{"id":1107,"date":"2026-02-18T23:24:06","date_gmt":"2026-02-18T23:24:06","guid":{"rendered":"https:\/\/radioiep.com\/?p=1107"},"modified":"2026-02-18T23:24:06","modified_gmt":"2026-02-18T23:24:06","slug":"dalia-cantora-de-timor-leste-se-apresenta-na-radio-internacional-em-portugues-no-proximo-sabado-dia-05-02","status":"publish","type":"post","link":"https:\/\/radioiep.com\/site\/dalia-cantora-de-timor-leste-se-apresenta-na-radio-internacional-em-portugues-no-proximo-sabado-dia-05-02\/","title":{"rendered":"Dalia, Cantora de Timor Leste se apresenta na R\u00e1dio Internacional em Portugu\u00eas, no pr\u00f3ximo s\u00e1bado, dia 05\/02"},"content":{"rendered":"\n<p style=\"text-align: center;\"><strong>Ela expressa sua paix\u00e3o pelo seu pa\u00eds atrav\u00e9s da m\u00fasica<\/strong><\/p>\n<p>&nbsp;<\/p>\n<p><img fetchpriority=\"high\" decoding=\"async\" class=\"size-medium wp-image-1114 alignleft\" src=\"http:\/\/radioiep.com\/wp-content\/uploads\/2022\/02\/WhatsApp-Image-2022-02-02-at-21.50.13-300x220.jpeg\" alt=\"\" width=\"300\" height=\"220\" srcset=\"https:\/\/radioiep.com\/site\/wp-content\/uploads\/2022\/02\/WhatsApp-Image-2022-02-02-at-21.50.13-300x220.jpeg 300w, https:\/\/radioiep.com\/site\/wp-content\/uploads\/2022\/02\/WhatsApp-Image-2022-02-02-at-21.50.13-768x564.jpeg 768w, https:\/\/radioiep.com\/site\/wp-content\/uploads\/2022\/02\/WhatsApp-Image-2022-02-02-at-21.50.13.jpeg 988w\" sizes=\"(max-width: 300px) 100vw, 300px\" \/>Dalia nasceu em D\u00edli, Timor Leste, em 1984 foi obrigada a deixar seu pa\u00eds para ir para Portugal devido \u00e0 situa\u00e7\u00e3o de guerra.<\/p>\n<p>Seguiu os seus estudos no Instituto Superior de L\u00ednguas e Administra\u00e7\u00e3o em Lisboa, e atualmente vive em Inglaterra e frequenta o City Of Oxford College, o curso de Humanidades e Ci\u00eancias Sociais.<\/p>\n<p>Em Portugal fez parte do grupo Cultural &amp; Tradicional de Timor-Leste chamado Tata-Mai-Lau fundado pelos seus pais, divulgando a cultura de Timor pelo mundo e mais importante espalhando o desejo de paz e liberdade para o seu pa\u00eds. <br \/><br \/>O grupo foi convidado a atuar na atribui\u00e7\u00e3o do Pr\u00e9mio Nobel da Paz em 1996 para os laureados Jos\u00e9 Ramos Horta e Bispo Carlos Filipe Ximenes Belo.<\/p>\n<p><br \/><img decoding=\"async\" class=\"wp-image-1112 alignright\" src=\"http:\/\/radioiep.com\/wp-content\/uploads\/2022\/02\/WhatsApp-Image-2022-02-02-at-21.50.13-1-225x300.jpeg\" alt=\"\" width=\"201\" height=\"268\" srcset=\"https:\/\/radioiep.com\/site\/wp-content\/uploads\/2022\/02\/WhatsApp-Image-2022-02-02-at-21.50.13-1-225x300.jpeg 225w, https:\/\/radioiep.com\/site\/wp-content\/uploads\/2022\/02\/WhatsApp-Image-2022-02-02-at-21.50.13-1-768x1024.jpeg 768w, https:\/\/radioiep.com\/site\/wp-content\/uploads\/2022\/02\/WhatsApp-Image-2022-02-02-at-21.50.13-1.jpeg 1080w\" sizes=\"(max-width: 201px) 100vw, 201px\" \/>Dalia se apaixona pela m\u00fasica e pela escrita desde cedo e o grupo cultural foi sua maior motiva\u00e7\u00e3o para continuar sua carreira art\u00edstica. Hoje \u00e9 uma artista, cantora, atriz e escritora timorense que continua a espalhar a sua paix\u00e3o pelo seu pa\u00eds atrav\u00e9s da arte.<br \/><br \/>Neste s\u00e1bado, 05 de janeiro, pela R\u00e1dio que fala a l\u00edngua dos povos, dar\u00e1 in\u00edcio a rubrica RIEP Musical com a cantora Dalia Kiarklir Dalia Kiakilir com apresenta\u00e7\u00e3o de Luiz Nascimento, comunicador, volunt\u00e1rio, pela R\u00e1dio Internacional em Portugu\u00eas.<\/p>\n<p>O encontro acontecer\u00e1 \u00e0s 08h do Brasil, 11h de Oxford Inglaterra e 20h de Timor Leste. <br \/><br \/>R\u00c1DIO INTERNACIONAL EM PORTUGU\u00caS<\/p>\n<p>https:\/\/www.youtube.com\/channel\/UCU-_zrXY6EuE0shJVcPvmeQ<br \/>\ud83d\udcfbhttps:\/\/www.instagram.com\/radioiep\/<br \/>\ud83c\udf10 https:\/\/radioiep.com<br \/>\ud83d\udce7geralradioiep@gmail.com <br \/>\u260e\ufe0f +(55) 3899662246<br \/><br \/>Conhe\u00e7a o trabalho de Dalia Kiarklir<br \/>\ud83c\udfbchttps:\/\/www.youtube.com\/channel\/UC46lflTIgMS858TefhxhuZg<\/p>\n<p id=\"rop\"><small>Originally posted 2022-02-02 22:38:02. <\/small><\/p>","protected":false},"excerpt":{"rendered":"<p>Ela expressa sua paix\u00e3o pelo seu pa\u00eds atrav\u00e9s da m\u00fasica &nbsp; Dalia nasceu em D\u00edli, Timor Leste, em 1984 foi obrigada a deixar seu pa\u00eds para ir para Portugal devido \u00e0 situa\u00e7\u00e3o de guerra. Seguiu os seus estudos no Instituto Superior de L\u00ednguas e Administra\u00e7\u00e3o em Lisboa, e atualmente vive em Inglaterra e frequenta o [&hellip;]<\/p>\n","protected":false},"author":3,"featured_media":1113,"comment_status":"open","ping_status":"open","sticky":false,"template":"","format":"standard","meta":{"footnotes":""},"categories":[67],"tags":[],"class_list":["post-1107","post","type-post","status-publish","format-standard","has-post-thumbnail","hentry","category-musica"],"_links":{"self":[{"href":"https:\/\/radioiep.com\/site\/wp-json\/wp\/v2\/posts\/1107","targetHints":{"allow":["GET"]}}],"collection":[{"href":"https:\/\/radioiep.com\/site\/wp-json\/wp\/v2\/posts"}],"about":[{"href":"https:\/\/radioiep.com\/site\/wp-json\/wp\/v2\/types\/post"}],"author":[{"embeddable":true,"href":"https:\/\/radioiep.com\/site\/wp-json\/wp\/v2\/users\/3"}],"replies":[{"embeddable":true,"href":"https:\/\/radioiep.com\/site\/wp-json\/wp\/v2\/comments?post=1107"}],"version-history":[{"count":0,"href":"https:\/\/radioiep.com\/site\/wp-json\/wp\/v2\/posts\/1107\/revisions"}],"wp:featuredmedia":[{"embeddable":true,"href":"https:\/\/radioiep.com\/site\/wp-json\/wp\/v2\/media\/1113"}],"wp:attachment":[{"href":"https:\/\/radioiep.com\/site\/wp-json\/wp\/v2\/media?parent=1107"}],"wp:term":[{"taxonomy":"category","embeddable":true,"href":"https:\/\/radioiep.com\/site\/wp-json\/wp\/v2\/categories?post=1107"},{"taxonomy":"post_tag","embeddable":true,"href":"https:\/\/radioiep.com\/site\/wp-json\/wp\/v2\/tags?post=1107"}],"curies":[{"name":"wp","href":"https:\/\/api.w.org\/{rel}","templated":true}]}}